{"id":51844,"date":"2022-03-24T11:51:10","date_gmt":"2022-03-24T10:51:10","guid":{"rendered":"https:\/\/www.schiebener.net\/wordpress\/?p=51844"},"modified":"2022-03-24T11:51:12","modified_gmt":"2022-03-24T10:51:12","slug":"landtagswahl-kreiswahlausschuss-hsk-hat-ueber-direktkandidaturen-entschieden","status":"publish","type":"post","link":"https:\/\/www.schiebener.net\/wordpress\/landtagswahl-kreiswahlausschuss-hsk-hat-ueber-direktkandidaturen-entschieden\/","title":{"rendered":"Landtagswahl \u2013 Kreiswahlausschuss HSK hat \u00fcber Direktkandidaturen entschieden"},"content":{"rendered":"\n<div class=\"wp-block-image\"><figure class=\"alignleft size-full\"><img loading=\"lazy\" decoding=\"async\" width=\"120\" height=\"91\" src=\"https:\/\/www.schiebener.net\/wordpress\/wp-content\/uploads\/2009\/02\/lt_briefkasten01.jpg\" alt=\"In unserem Briefkasten\" class=\"wp-image-2182\"\/><\/figure><\/div>\n\n\n\n<p><strong>Der Wahlausschuss des Hochsauerlandkreises hat in seiner Sitzung am Mittwoch, 23. M\u00e4rz 2022, folgende Wahlvorschl\u00e4ge f\u00fcr die Landtagswahl am Sonntag, 15. Mai 2022 zugelassen:<\/strong><\/p>\n\n\n\n<p><strong>Wahlkreis 124 \u2013 Hochsauerlandkreis I<\/strong> (Arnsberg, Eslohe, Schmallenberg, Sundern)<\/p>\n\n\n\n<p>Klaus Kaiser, Arnsberg, CDU<\/p>\n\n\n\n<p>Frank Neuhaus, Arnsberg, SPD<\/p>\n\n\n\n<p>Hubertus-Johannes Wiethoff, Eslohe, FDP<\/p>\n\n\n\n<p>J\u00fcrgen Antoni, Arnsberg, AfD<\/p>\n\n\n\n<p>Helle S\u00f6nnecken, Sundern, GR\u00dcNE&nbsp;<\/p>\n\n\n\n<p>Karl-Ludwig G\u00f6ssling, Bestwig, DIE LINKE<\/p>\n\n\n\n<p>Idiz Greiwe, Sundern, Die PARTEI<\/p>\n\n\n\n<p>Hans Klein, Sundern, FREIE W\u00c4HLER<\/p>\n\n\n\n<p><strong>Wahlkreis 125 \u2013 Hochsauerlandkreis II<\/strong> (Bestwig, Brilon, Hallenberg, Marsberg, Medebach, Meschede, Olsberg, Winterberg)<\/p>\n\n\n\n<p>Matthias Kerkhoff, Olsberg, CDU<\/p>\n\n\n\n<p>Hubertus Weber, Brilon, SPD<\/p>\n\n\n\n<p>Dr. Jobst Heinrich K\u00f6hne, Meschede, FDP<\/p>\n\n\n\n<p>Nils Hartwig, Holzwickede, AfD<\/p>\n\n\n\n<p>Bastian Grunwald, Brilon, GR\u00dcNE<\/p>\n\n\n\n<p>Reinhard Prange, Brilon, DIE LINKE<\/p>\n\n\n\n<p>Pauline W\u00fcrfel, Marsberg, Die PARTEI<\/p>\n\n\n\n<p>J\u00f6rg Hunold, Brilon, FREIE W\u00c4HLER<\/p>\n","protected":false},"excerpt":{"rendered":"<p>Der Wahlausschuss des Hochsauerlandkreises hat in seiner Sitzung am Mittwoch, 23. M\u00e4rz 2022, folgende Wahlvorschl\u00e4ge f\u00fcr die Landtagswahl am Sonntag, 15. Mai 2022 zugelassen: Wahlkreis 124 \u2013 Hochsauerlandkreis I (Arnsberg, &hellip; <a href=\"https:\/\/www.schiebener.net\/wordpress\/landtagswahl-kreiswahlausschuss-hsk-hat-ueber-direktkandidaturen-entschieden\/\" class=\"more-link\"><span class=\"screen-reader-text\">\u201eLandtagswahl \u2013 Kreiswahlausschuss HSK hat \u00fcber Direktkandidaturen entschieden\u201c <\/span>weiterlesen<\/a><\/p>\n","protected":false},"author":17,"featured_media":0,"comment_status":"open","ping_status":"open","sticky":false,"template":"","format":"standard","meta":{"footnotes":""},"categories":[303,80,24,1043],"tags":[3530,835,8972,229],"class_list":["post-51844","post","type-post","status-publish","format-standard","hentry","category-in-unserem-briefkasten","category-lokales","category-politik","category-pressemitteilungen","tag-direktkandidaten","tag-hochsauerlandkreis","tag-landtagswahl-2022","tag-nrw"],"_links":{"self":[{"href":"https:\/\/www.schiebener.net\/wordpress\/wp-json\/wp\/v2\/posts\/51844","targetHints":{"allow":["GET"]}}],"collection":[{"href":"https:\/\/www.schiebener.net\/wordpress\/wp-json\/wp\/v2\/posts"}],"about":[{"href":"https:\/\/www.schiebener.net\/wordpress\/wp-json\/wp\/v2\/types\/post"}],"author":[{"embeddable":true,"href":"https:\/\/www.schiebener.net\/wordpress\/wp-json\/wp\/v2\/users\/17"}],"replies":[{"embeddable":true,"href":"https:\/\/www.schiebener.net\/wordpress\/wp-json\/wp\/v2\/comments?post=51844"}],"version-history":[{"count":0,"href":"https:\/\/www.schiebener.net\/wordpress\/wp-json\/wp\/v2\/posts\/51844\/revisions"}],"wp:attachment":[{"href":"https:\/\/www.schiebener.net\/wordpress\/wp-json\/wp\/v2\/media?parent=51844"}],"wp:term":[{"taxonomy":"category","embeddable":true,"href":"https:\/\/www.schiebener.net\/wordpress\/wp-json\/wp\/v2\/categories?post=51844"},{"taxonomy":"post_tag","embeddable":true,"href":"https:\/\/www.schiebener.net\/wordpress\/wp-json\/wp\/v2\/tags?post=51844"}],"curies":[{"name":"wp","href":"https:\/\/api.w.org\/{rel}","templated":true}]}}