{"id":51678,"date":"2022-03-07T20:19:17","date_gmt":"2022-03-07T19:19:17","guid":{"rendered":"https:\/\/www.schiebener.net\/wordpress\/?p=51678"},"modified":"2022-03-07T21:07:30","modified_gmt":"2022-03-07T20:07:30","slug":"waldspaziergang-solange-es-noch-geht","status":"publish","type":"post","link":"https:\/\/www.schiebener.net\/wordpress\/waldspaziergang-solange-es-noch-geht\/","title":{"rendered":"Waldspaziergang &#8230; solange es noch geht."},"content":{"rendered":"\n<div class=\"wp-block-image\"><figure class=\"aligncenter size-large is-resized\"><a href=\"https:\/\/www.schiebener.net\/wordpress\/wp-content\/uploads\/2022\/03\/2022030601Negertal.jpg\" target=\"_blank\" rel=\"noopener\"><img decoding=\"async\" src=\"https:\/\/www.schiebener.net\/wordpress\/wp-content\/uploads\/2022\/03\/2022030601Negertal-1024x630.jpg\" alt=\"\" class=\"wp-image-51679\" width=\"600\" srcset=\"https:\/\/www.schiebener.net\/wordpress\/wp-content\/uploads\/2022\/03\/2022030601Negertal-1024x630.jpg 1024w, https:\/\/www.schiebener.net\/wordpress\/wp-content\/uploads\/2022\/03\/2022030601Negertal-300x184.jpg 300w, https:\/\/www.schiebener.net\/wordpress\/wp-content\/uploads\/2022\/03\/2022030601Negertal-768x472.jpg 768w, https:\/\/www.schiebener.net\/wordpress\/wp-content\/uploads\/2022\/03\/2022030601Negertal-1536x944.jpg 1536w, https:\/\/www.schiebener.net\/wordpress\/wp-content\/uploads\/2022\/03\/2022030601Negertal-1200x738.jpg 1200w, https:\/\/www.schiebener.net\/wordpress\/wp-content\/uploads\/2022\/03\/2022030601Negertal.jpg 2048w\" sizes=\"(max-width: 709px) 85vw, (max-width: 909px) 67vw, (max-width: 1362px) 62vw, 840px\" \/><\/a><figcaption>Zwischen Familiengrab und Negerfurt (foto. zoom)<\/figcaption><\/figure><\/div>\n\n\n\n<p><strong>Bei kaltem, aber sonnigem Wetter bin ich gestern von der Schlade zur sogenannten Negerfurt gegangen. Das Bild oben zeigt keine besonders dramatische Stelle im Hochsauerl\u00e4nder Wald, sondern den Normalfall.<\/strong> <\/p>\n\n\n\n<p>Inzwischen sind \u00fcberall gro\u00dfe Fl\u00e4chen von meist Fichtenbestand abgeholzt. Gesch\u00e4tzt die H\u00e4lfte der noch stehenden Fichten haben braune Nadeln und sind ebenfalls dem Untergang geweiht.<br><br>Vor zwei Wochen hatte ich Satellitenaufnahmen des Waldsterbens im Arnsberger Raum ver\u00f6ffentlicht. Es ist schlimmer als angenommen: <\/p>\n\n\n\n<p><a rel=\"noreferrer noopener\" href=\"https:\/\/www.schiebener.net\/wordpress\/sorge-um-den-deutschen-wald-satellitendaten-machen-grossflaechige-verluste-des-baumbestands-sichtbar\/\" target=\"_blank\">Sor\u00adge um den deut\u00adschen Wald. <\/a><\/p>\n\n\n\n<div class=\"wp-block-image\"><figure class=\"aligncenter size-large is-resized\"><a href=\"https:\/\/www.schiebener.net\/wordpress\/wp-content\/uploads\/2022\/03\/2022030602Negertal.jpg\" target=\"_blank\" rel=\"noopener\"><img decoding=\"async\" src=\"https:\/\/www.schiebener.net\/wordpress\/wp-content\/uploads\/2022\/03\/2022030602Negertal-1024x630.jpg\" alt=\"\" class=\"wp-image-51680\" width=\"600\" srcset=\"https:\/\/www.schiebener.net\/wordpress\/wp-content\/uploads\/2022\/03\/2022030602Negertal-1024x630.jpg 1024w, https:\/\/www.schiebener.net\/wordpress\/wp-content\/uploads\/2022\/03\/2022030602Negertal-300x184.jpg 300w, https:\/\/www.schiebener.net\/wordpress\/wp-content\/uploads\/2022\/03\/2022030602Negertal-768x472.jpg 768w, https:\/\/www.schiebener.net\/wordpress\/wp-content\/uploads\/2022\/03\/2022030602Negertal-1536x944.jpg 1536w, https:\/\/www.schiebener.net\/wordpress\/wp-content\/uploads\/2022\/03\/2022030602Negertal-1200x738.jpg 1200w, https:\/\/www.schiebener.net\/wordpress\/wp-content\/uploads\/2022\/03\/2022030602Negertal.jpg 2048w\" sizes=\"(max-width: 709px) 85vw, (max-width: 909px) 67vw, (max-width: 1362px) 62vw, 840px\" \/><\/a><figcaption>Der Wanderweg SH4 Richtung Brunskappel (foto: zoom)<\/figcaption><\/figure><\/div>\n\n\n\n<p>Merkw\u00fcrdigerweise gehe ich immer noch gerne hier oben im Sauerland spazieren. Staunen, Entsetzen, Neugier, Verwunderung &#8211; die Gef\u00fchle mischen sich.<br><br>Werden die Fl\u00e4chen wiederaufgeforstet? Wird es in einem Jahrzehnt \u00fcberhaupt noch gr\u00f6\u00dfere Waldgebiete im Hochsauerland geben? Welche Rolle werden die wirtschaftlichen Interessen der Waldbauern spielen? Wie viele Weihnachtsbaumkulturen vertr\u00e4gt das Sauerland? Was sind die Auswirkungen auf den Tourismus?<br><br>Die Fragen kann ich zur Zeit nicht beantworten, werde sie aber im Hinterkopf behalten und mich bei Gelegenheit intensiver mit den Problemen des Waldsterbens im Hochsauerland besch\u00e4ftigen.<br><br>Der rosarote Elefant im Raum ist die Klimakatastrophe. Deren Auswirkungen (Borkenk\u00e4fer, D\u00fcrre, Sturzfluten, &#8230;) sehen wir schon heute vor unserer Haust\u00fcr. Sie hat schon bei weitem mehr Wald zerst\u00f6rt als die Windr\u00e4der, gegen die sich die Initiativen gegen Windkraft so heftig wehren.<br><br>Aber das Thema lasse ich jetzt einfach stecken.<\/p>\n","protected":false},"excerpt":{"rendered":"<p>Bei kaltem, aber sonnigem Wetter bin ich gestern von der Schlade zur sogenannten Negerfurt gegangen. Das Bild oben zeigt keine besonders dramatische Stelle im Hochsauerl\u00e4nder Wald, sondern den Normalfall. Inzwischen &hellip; <a href=\"https:\/\/www.schiebener.net\/wordpress\/waldspaziergang-solange-es-noch-geht\/\" class=\"more-link\"><span class=\"screen-reader-text\">\u201eWaldspaziergang &#8230; solange es noch geht.\u201c <\/span>weiterlesen<\/a><\/p>\n","protected":false},"author":3,"featured_media":0,"comment_status":"open","ping_status":"open","sticky":false,"template":"","format":"standard","meta":{"footnotes":""},"categories":[8406,80,549],"tags":[8289],"class_list":["post-51678","post","type-post","status-publish","format-standard","hentry","category-klimakrise","category-lokales","category-umwelt","tag-waldsterben"],"_links":{"self":[{"href":"https:\/\/www.schiebener.net\/wordpress\/wp-json\/wp\/v2\/posts\/51678","targetHints":{"allow":["GET"]}}],"collection":[{"href":"https:\/\/www.schiebener.net\/wordpress\/wp-json\/wp\/v2\/posts"}],"about":[{"href":"https:\/\/www.schiebener.net\/wordpress\/wp-json\/wp\/v2\/types\/post"}],"author":[{"embeddable":true,"href":"https:\/\/www.schiebener.net\/wordpress\/wp-json\/wp\/v2\/users\/3"}],"replies":[{"embeddable":true,"href":"https:\/\/www.schiebener.net\/wordpress\/wp-json\/wp\/v2\/comments?post=51678"}],"version-history":[{"count":0,"href":"https:\/\/www.schiebener.net\/wordpress\/wp-json\/wp\/v2\/posts\/51678\/revisions"}],"wp:attachment":[{"href":"https:\/\/www.schiebener.net\/wordpress\/wp-json\/wp\/v2\/media?parent=51678"}],"wp:term":[{"taxonomy":"category","embeddable":true,"href":"https:\/\/www.schiebener.net\/wordpress\/wp-json\/wp\/v2\/categories?post=51678"},{"taxonomy":"post_tag","embeddable":true,"href":"https:\/\/www.schiebener.net\/wordpress\/wp-json\/wp\/v2\/tags?post=51678"}],"curies":[{"name":"wp","href":"https:\/\/api.w.org\/{rel}","templated":true}]}}