{"id":51675,"date":"2022-03-07T13:40:49","date_gmt":"2022-03-07T12:40:49","guid":{"rendered":"https:\/\/www.schiebener.net\/wordpress\/?p=51675"},"modified":"2022-03-07T13:40:51","modified_gmt":"2022-03-07T12:40:51","slug":"corona-virus-im-hsk-1-226-neuinfizierte-49-stationaer-die-7-tage-inzidenz-steigt-auf-1-3740","status":"publish","type":"post","link":"https:\/\/www.schiebener.net\/wordpress\/corona-virus-im-hsk-1-226-neuinfizierte-49-stationaer-die-7-tage-inzidenz-steigt-auf-1-3740\/","title":{"rendered":"Corona-Virus im HSK: 1.226 Neuinfizierte, 49 station\u00e4r. Die 7-Tage-Inzidenz steigt auf 1.374,0."},"content":{"rendered":"\n<div class=\"wp-block-image\"><figure class=\"aligncenter size-large is-resized\"><a href=\"https:\/\/www.schiebener.net\/wordpress\/wp-content\/uploads\/2022\/03\/20220307SiebenTageInzidenzen.jpg\" target=\"_blank\" rel=\"noopener\"><img decoding=\"async\" src=\"https:\/\/www.schiebener.net\/wordpress\/wp-content\/uploads\/2022\/03\/20220307SiebenTageInzidenzen-1024x497.jpg\" alt=\"\" class=\"wp-image-51676\" width=\"600\" srcset=\"https:\/\/www.schiebener.net\/wordpress\/wp-content\/uploads\/2022\/03\/20220307SiebenTageInzidenzen-1024x497.jpg 1024w, https:\/\/www.schiebener.net\/wordpress\/wp-content\/uploads\/2022\/03\/20220307SiebenTageInzidenzen-300x146.jpg 300w, https:\/\/www.schiebener.net\/wordpress\/wp-content\/uploads\/2022\/03\/20220307SiebenTageInzidenzen-768x373.jpg 768w, https:\/\/www.schiebener.net\/wordpress\/wp-content\/uploads\/2022\/03\/20220307SiebenTageInzidenzen-1536x745.jpg 1536w, https:\/\/www.schiebener.net\/wordpress\/wp-content\/uploads\/2022\/03\/20220307SiebenTageInzidenzen-1200x582.jpg 1200w, https:\/\/www.schiebener.net\/wordpress\/wp-content\/uploads\/2022\/03\/20220307SiebenTageInzidenzen.jpg 1845w\" sizes=\"(max-width: 709px) 85vw, (max-width: 909px) 67vw, (max-width: 1362px) 62vw, 840px\" \/><\/a><figcaption>Die Entwicklung der 7-Tage-Inzidenz (RKI) seit dem 14. Februar 2022 (Quelle: Corona-Dashboard HSK)<\/figcaption><\/figure><\/div>\n\n\n\n<p><strong>Nach dem Wochenende verzeichnet das Gesundheitsamt des Hochsauerlandkreises mit Stand von Montag, 07. M\u00e4rz, 9 Uhr, kreisweit 1.226 Neuinfizierte. Die Zahl der Genesenen wird am morgigen Dienstag bereinigt. Die 7-Tage-Inzidenz betr\u00e4gt 1.374,0 (Stand 07. M\u00e4rz, 0 Uhr).<\/strong><\/p>\n\n\n\n<p>Die Statistik weist damit 6.734 Infizierte, 37.990 Genesene sowie 251 Sterbef\u00e4lle in Verbindung mit einer Corona-Infektion auf. Station\u00e4r werden 49 Personen behandelt, sieben intensivmedizinisch und davon werden zwei Personen beatmet. Die Zahl aller best\u00e4tigten F\u00e4lle betr\u00e4gt nun 44.975.<\/p>\n\n\n\n<p>Alle infizierten Personen verteilen sich insgesamt wie folgt auf die St\u00e4dte und Gemeinden: Arnsberg (1.834), Bestwig (223), Brilon (553), Eslohe (222), Hallenberg (81), Marsberg (383), Medebach (206), Meschede (855), Olsberg (400), Schmallenberg (687), Sundern (822) und Winterberg (468).<\/p>\n","protected":false},"excerpt":{"rendered":"<p>Nach dem Wochenende verzeichnet das Gesundheitsamt des Hochsauerlandkreises mit Stand von Montag, 07. M\u00e4rz, 9 Uhr, kreisweit 1.226 Neuinfizierte. Die Zahl der Genesenen wird am morgigen Dienstag bereinigt. Die 7-Tage-Inzidenz &hellip; <a href=\"https:\/\/www.schiebener.net\/wordpress\/corona-virus-im-hsk-1-226-neuinfizierte-49-stationaer-die-7-tage-inzidenz-steigt-auf-1-3740\/\" class=\"more-link\"><span class=\"screen-reader-text\">\u201eCorona-Virus im HSK: 1.226 Neuinfizierte, 49 station\u00e4r. Die 7-Tage-Inzidenz steigt auf 1.374,0.\u201c <\/span>weiterlesen<\/a><\/p>\n","protected":false},"author":17,"featured_media":0,"comment_status":"open","ping_status":"open","sticky":false,"template":"","format":"standard","meta":{"footnotes":""},"categories":[7088,303,80,1043],"tags":[8645,8609,8926,8610],"class_list":["post-51675","post","type-post","status-publish","format-standard","hentry","category-gesundheit","category-in-unserem-briefkasten","category-lokales","category-pressemitteilungen","tag-corona-krise","tag-covid19","tag-omikron","tag-pandemie"],"_links":{"self":[{"href":"https:\/\/www.schiebener.net\/wordpress\/wp-json\/wp\/v2\/posts\/51675","targetHints":{"allow":["GET"]}}],"collection":[{"href":"https:\/\/www.schiebener.net\/wordpress\/wp-json\/wp\/v2\/posts"}],"about":[{"href":"https:\/\/www.schiebener.net\/wordpress\/wp-json\/wp\/v2\/types\/post"}],"author":[{"embeddable":true,"href":"https:\/\/www.schiebener.net\/wordpress\/wp-json\/wp\/v2\/users\/17"}],"replies":[{"embeddable":true,"href":"https:\/\/www.schiebener.net\/wordpress\/wp-json\/wp\/v2\/comments?post=51675"}],"version-history":[{"count":0,"href":"https:\/\/www.schiebener.net\/wordpress\/wp-json\/wp\/v2\/posts\/51675\/revisions"}],"wp:attachment":[{"href":"https:\/\/www.schiebener.net\/wordpress\/wp-json\/wp\/v2\/media?parent=51675"}],"wp:term":[{"taxonomy":"category","embeddable":true,"href":"https:\/\/www.schiebener.net\/wordpress\/wp-json\/wp\/v2\/categories?post=51675"},{"taxonomy":"post_tag","embeddable":true,"href":"https:\/\/www.schiebener.net\/wordpress\/wp-json\/wp\/v2\/tags?post=51675"}],"curies":[{"name":"wp","href":"https:\/\/api.w.org\/{rel}","templated":true}]}}