{"id":51635,"date":"2022-03-01T20:44:44","date_gmt":"2022-03-01T19:44:44","guid":{"rendered":"https:\/\/www.schiebener.net\/wordpress\/?p=51635"},"modified":"2022-03-01T20:44:46","modified_gmt":"2022-03-01T19:44:46","slug":"wdr-mit-schwerpunkt-ukraine","status":"publish","type":"post","link":"https:\/\/www.schiebener.net\/wordpress\/wdr-mit-schwerpunkt-ukraine\/","title":{"rendered":"WDR mit Schwerpunkt Ukraine"},"content":{"rendered":"\n<div class=\"wp-block-image\"><figure class=\"aligncenter size-full is-resized\"><img loading=\"lazy\" decoding=\"async\" src=\"https:\/\/www.schiebener.net\/wordpress\/wp-content\/uploads\/2022\/03\/2_T1_Krieg_in_Europa-socialmedia.jpg\" alt=\"\" class=\"wp-image-51636\" width=\"630\" height=\"353\" srcset=\"https:\/\/www.schiebener.net\/wordpress\/wp-content\/uploads\/2022\/03\/2_T1_Krieg_in_Europa-socialmedia.jpg 1000w, https:\/\/www.schiebener.net\/wordpress\/wp-content\/uploads\/2022\/03\/2_T1_Krieg_in_Europa-socialmedia-300x168.jpg 300w, https:\/\/www.schiebener.net\/wordpress\/wp-content\/uploads\/2022\/03\/2_T1_Krieg_in_Europa-socialmedia-768x431.jpg 768w\" sizes=\"auto, (max-width: 709px) 85vw, (max-width: 909px) 67vw, (max-width: 984px) 61vw, (max-width: 1362px) 45vw, 600px\" \/><figcaption>WDR Fernsehen KRIEG IN EUROPA &#8211; DAS UKRAINE-DRAMA , &#8222;Teil 1&#8220;, Ein Film von Claire Walding, am Mittwoch (02.03.22) um 22:15 Uhr. Die Gedenkmauer f\u00fcr die gefallenen Soldaten in Kyjiw\/Kiew erinnert an die Opfer des seit 2014 anhaltenden Konflikts in der Ukraine. (Bild: WDR\/LOOKSfilm)<\/figcaption><\/figure><\/div>\n\n\n\n<p><strong>Der WDR berichtet weiterhin t\u00e4glich aktuell \u00fcber den Krieg in der Ukraine und \u00e4ndert daf\u00fcr heute und in den kommenden Tagen erneut sein Programm. <\/strong><\/p>\n\n\n\n<p><em>(Pressemitteilung WDR)<\/em><br><br>Das Politmagazin Monitor berichtet am Donnerstag (03.M\u00e4rz) ab 21.45 Uhr im Ersten in einer monothematischen Ausgabe ausschlie\u00dflich \u00fcber den Krieg in der Ukraine. Dabei geht es um aktuelle Entwicklungen in der Ukraine sowie um Hintergrundberichte etwa zu Putins Machtinteressen in Osteuropa, die russische Propaganda in Deutschland und die aktuelle Aufr\u00fcstungsdebatte.<\/p>\n\n\n\n<p>Auch am Mittwochabend (02. M\u00e4rz) \u00e4ndert das WDR-Fernsehen sein Programm und sendet ab 22.15 Uhr die zweiteilige Dokumentation \u201eKrieg in Europa \u2013 Das Ukraine Drama\u201c. Die beiden Filme, die ihre Erstausstrahlung im Januar 2021 bei arte hatten, zeigen, wie der Krieg bereits vor mehr als einem Jahr vorbereitet wurde und dass viele Machthaber in Europa dies nicht wahrhaben wollten.<br><br>WDR 3 \u00fcbertr\u00e4gt am Dienstag (01. M\u00e4rz) von 20.04 Uhr bis 22 Uhr ein Benefizkonzert der S\u00e4ngerin, Komponistin und WDR Jazzpreistr\u00e4gerin Tamara Lukasheva zugunsten von Musikerinnen und Musikern in der Ukraine, die vom Krieg betroffen sind. Am Tag nach der Sendung steht das Konzert f\u00fcr 30 Tage zum Nachh\u00f6ren online bereit.<\/p>\n\n\n\n<p>Und auch bei Westart am kommenden Samstag (05. M\u00e4rz) geht es ab 18.15 Uhr um dieses und andere Benefizveranstaltungen, zu denen aktuell von ukrainischen K\u00fcnstlerinnen und K\u00fcnstlern \u00fcberall in Deutschland eingeladen wird. Westart spricht dazu mit Tamara Lukasheva und der aus Lviv stammenden S\u00e4ngerin Mariana Sadovska \u00fcber die Hilfe f\u00fcr die Menschen in der Ukraine.<\/p>\n\n\n\n<p>Aktuelle Informationen gibt es weiterhin online unter: <a href=\"http:\/\/www.wdr.de\" target=\"_blank\" rel=\"noreferrer noopener\">www.wdr.de<\/a><\/p>\n","protected":false},"excerpt":{"rendered":"<p>Der WDR berichtet weiterhin t\u00e4glich aktuell \u00fcber den Krieg in der Ukraine und \u00e4ndert daf\u00fcr heute und in den kommenden Tagen erneut sein Programm. (Pressemitteilung WDR) Das Politmagazin Monitor berichtet &hellip; <a href=\"https:\/\/www.schiebener.net\/wordpress\/wdr-mit-schwerpunkt-ukraine\/\" class=\"more-link\"><span class=\"screen-reader-text\">\u201eWDR mit Schwerpunkt Ukraine\u201c <\/span>weiterlesen<\/a><\/p>\n","protected":false},"author":17,"featured_media":0,"comment_status":"open","ping_status":"open","sticky":false,"template":"","format":"standard","meta":{"footnotes":""},"categories":[533,319,303,32,1043],"tags":[2113,4837,14],"class_list":["post-51635","post","type-post","status-publish","format-standard","hentry","category-europa","category-geschichte","category-in-unserem-briefkasten","category-medien","category-pressemitteilungen","tag-russland","tag-ukraine","tag-wdr"],"_links":{"self":[{"href":"https:\/\/www.schiebener.net\/wordpress\/wp-json\/wp\/v2\/posts\/51635","targetHints":{"allow":["GET"]}}],"collection":[{"href":"https:\/\/www.schiebener.net\/wordpress\/wp-json\/wp\/v2\/posts"}],"about":[{"href":"https:\/\/www.schiebener.net\/wordpress\/wp-json\/wp\/v2\/types\/post"}],"author":[{"embeddable":true,"href":"https:\/\/www.schiebener.net\/wordpress\/wp-json\/wp\/v2\/users\/17"}],"replies":[{"embeddable":true,"href":"https:\/\/www.schiebener.net\/wordpress\/wp-json\/wp\/v2\/comments?post=51635"}],"version-history":[{"count":0,"href":"https:\/\/www.schiebener.net\/wordpress\/wp-json\/wp\/v2\/posts\/51635\/revisions"}],"wp:attachment":[{"href":"https:\/\/www.schiebener.net\/wordpress\/wp-json\/wp\/v2\/media?parent=51635"}],"wp:term":[{"taxonomy":"category","embeddable":true,"href":"https:\/\/www.schiebener.net\/wordpress\/wp-json\/wp\/v2\/categories?post=51635"},{"taxonomy":"post_tag","embeddable":true,"href":"https:\/\/www.schiebener.net\/wordpress\/wp-json\/wp\/v2\/tags?post=51635"}],"curies":[{"name":"wp","href":"https:\/\/api.w.org\/{rel}","templated":true}]}}