{"id":51614,"date":"2022-02-27T21:45:29","date_gmt":"2022-02-27T20:45:29","guid":{"rendered":"https:\/\/www.schiebener.net\/wordpress\/?p=51614"},"modified":"2022-02-27T22:06:45","modified_gmt":"2022-02-27T21:06:45","slug":"pausenbild-text-bildschere","status":"publish","type":"post","link":"https:\/\/www.schiebener.net\/wordpress\/pausenbild-text-bildschere\/","title":{"rendered":"Pausenbild: Text-Bildschere"},"content":{"rendered":"\n<div class=\"wp-block-image\"><figure class=\"aligncenter size-large is-resized\"><a href=\"https:\/\/www.schiebener.net\/wordpress\/wp-content\/uploads\/2022\/02\/20220227PlakatKassel.jpg\" target=\"_blank\" rel=\"noopener\"><img decoding=\"async\" src=\"https:\/\/www.schiebener.net\/wordpress\/wp-content\/uploads\/2022\/02\/20220227PlakatKassel-1024x661.jpg\" alt=\"\" class=\"wp-image-51615\" width=\"600\" srcset=\"https:\/\/www.schiebener.net\/wordpress\/wp-content\/uploads\/2022\/02\/20220227PlakatKassel-1024x661.jpg 1024w, https:\/\/www.schiebener.net\/wordpress\/wp-content\/uploads\/2022\/02\/20220227PlakatKassel-300x194.jpg 300w, https:\/\/www.schiebener.net\/wordpress\/wp-content\/uploads\/2022\/02\/20220227PlakatKassel-768x495.jpg 768w, https:\/\/www.schiebener.net\/wordpress\/wp-content\/uploads\/2022\/02\/20220227PlakatKassel-1536x991.jpg 1536w, https:\/\/www.schiebener.net\/wordpress\/wp-content\/uploads\/2022\/02\/20220227PlakatKassel-1200x774.jpg 1200w, https:\/\/www.schiebener.net\/wordpress\/wp-content\/uploads\/2022\/02\/20220227PlakatKassel.jpg 2048w\" sizes=\"(max-width: 709px) 85vw, (max-width: 909px) 67vw, (max-width: 1362px) 62vw, 840px\" \/><\/a><figcaption>Plakat an der Kasseler Kunsthochschule (foto: zoom)<\/figcaption><\/figure><\/div>\n\n\n\n<p><strong>Ich habe leider immer noch keine L\u00f6sung, um den Krieg Putins gegen die Ukraine zu beenden.<\/strong> <br><br>Am einfachsten w\u00e4re es, den Mann zu verhaften, vor Gericht zu stellen und seine Verantwortung aufzudr\u00f6seln. Aber da m\u00fcsste man erst einmal hinkommen. Der Weg bis dahin w\u00e4re weit, und ist es der einzige Weg?<br><br>Die Regierungserkl\u00e4ung im Radio geh\u00f6rt, das Internet leergelesen und ein paar Zeitungen verschlungen. Nix, keine Idee.<br><br>Bin gespannt, was substanziell aus der Rede von Olaf Scholz und den Abstimmungen im Bundestag folgen wird.<br><br>\u00dcber eine Punkt haben wir heftiger diskutiert. Werden die 100 Mrd. f\u00fcr den R\u00fcstungshaushalt die Bundeswehr besser machen?<br><br>Im Ranking der 15 L\u00e4nder mit den weltweit h\u00f6chsten Milit\u00e4rausgaben lag Deutschland 2020 weltweit an siebter Stelle (Quelle: <a rel=\"noreferrer noopener\" href=\"https:\/\/de.statista.com\/statistik\/daten\/studie\/157935\/umfrage\/laender-mit-den-hoechsten-militaerausgaben\/\" target=\"_blank\">Statista<\/a>), nahe bei Gro\u00dfbritannien und Frankreich.<br><br>Haben GB und F denn auch so eine Schrottarmee wie D? Soweit ich wei\u00df, nicht. <br><br>Liegt es vielleicht gar nicht am Geld? Aber woran dann? Auch wieder solch ein Problem, f\u00fcr das ich keine L\u00f6sung habe.<br><br>Putin hat heute mit seinen Atomwaffen gedroht. Sehr beunruhigend. Was geht im Kopf dieses Mannes mit den toten Augen vor?<br><br>Das Plakat an der Kunsthochschule in Kassel l\u00e4sst mich ebenfalls ratlos zur\u00fcck. Im ersten Moment habe ich gedacht: Ja, klar, logo unterschreibe ich. Im zweiten Moment der beunruhigende Gedanke: Mit der Plakat-Pr\u00e4misse gibt es keine sch\u00f6ne Stadt.<br><br><\/p>\n","protected":false},"excerpt":{"rendered":"<p>Ich habe leider immer noch keine L\u00f6sung, um den Krieg Putins gegen die Ukraine zu beenden. Am einfachsten w\u00e4re es, den Mann zu verhaften, vor Gericht zu stellen und seine &hellip; <a href=\"https:\/\/www.schiebener.net\/wordpress\/pausenbild-text-bildschere\/\" class=\"more-link\"><span class=\"screen-reader-text\">\u201ePausenbild: Text-Bildschere\u201c <\/span>weiterlesen<\/a><\/p>\n","protected":false},"author":3,"featured_media":0,"comment_status":"open","ping_status":"open","sticky":false,"template":"","format":"standard","meta":{"footnotes":""},"categories":[8668,6658,24,8669,6314],"tags":[4837],"class_list":["post-51614","post","type-post","status-publish","format-standard","hentry","category-antisemitismus","category-fluechtlinge","category-politik","category-rassismus","category-rechtsextremismus","tag-ukraine"],"_links":{"self":[{"href":"https:\/\/www.schiebener.net\/wordpress\/wp-json\/wp\/v2\/posts\/51614","targetHints":{"allow":["GET"]}}],"collection":[{"href":"https:\/\/www.schiebener.net\/wordpress\/wp-json\/wp\/v2\/posts"}],"about":[{"href":"https:\/\/www.schiebener.net\/wordpress\/wp-json\/wp\/v2\/types\/post"}],"author":[{"embeddable":true,"href":"https:\/\/www.schiebener.net\/wordpress\/wp-json\/wp\/v2\/users\/3"}],"replies":[{"embeddable":true,"href":"https:\/\/www.schiebener.net\/wordpress\/wp-json\/wp\/v2\/comments?post=51614"}],"version-history":[{"count":0,"href":"https:\/\/www.schiebener.net\/wordpress\/wp-json\/wp\/v2\/posts\/51614\/revisions"}],"wp:attachment":[{"href":"https:\/\/www.schiebener.net\/wordpress\/wp-json\/wp\/v2\/media?parent=51614"}],"wp:term":[{"taxonomy":"category","embeddable":true,"href":"https:\/\/www.schiebener.net\/wordpress\/wp-json\/wp\/v2\/categories?post=51614"},{"taxonomy":"post_tag","embeddable":true,"href":"https:\/\/www.schiebener.net\/wordpress\/wp-json\/wp\/v2\/tags?post=51614"}],"curies":[{"name":"wp","href":"https:\/\/api.w.org\/{rel}","templated":true}]}}