{"id":51560,"date":"2022-02-21T11:39:21","date_gmt":"2022-02-21T10:39:21","guid":{"rendered":"https:\/\/www.schiebener.net\/wordpress\/?p=51560"},"modified":"2022-02-21T11:39:24","modified_gmt":"2022-02-21T10:39:24","slug":"corona-virus-im-hsk-1-384-neuinfizierte-58-stationaer-die-7-tage-inzidenz-betraegt-1-6388","status":"publish","type":"post","link":"https:\/\/www.schiebener.net\/wordpress\/corona-virus-im-hsk-1-384-neuinfizierte-58-stationaer-die-7-tage-inzidenz-betraegt-1-6388\/","title":{"rendered":"Corona-Virus im HSK: 1.384 Neuinfizierte, 58 station\u00e4r. Die 7-Tage-Inzidenz betr\u00e4gt 1.638,8."},"content":{"rendered":"\n<div class=\"wp-block-image\"><figure class=\"aligncenter size-large is-resized\"><a href=\"https:\/\/www.schiebener.net\/wordpress\/wp-content\/uploads\/2022\/02\/20220221SiebenTageInzidenzen.jpg\" target=\"_blank\" rel=\"noopener\"><img decoding=\"async\" src=\"https:\/\/www.schiebener.net\/wordpress\/wp-content\/uploads\/2022\/02\/20220221SiebenTageInzidenzen-1024x492.jpg\" alt=\"\" class=\"wp-image-51561\" width=\"600\" srcset=\"https:\/\/www.schiebener.net\/wordpress\/wp-content\/uploads\/2022\/02\/20220221SiebenTageInzidenzen-1024x492.jpg 1024w, https:\/\/www.schiebener.net\/wordpress\/wp-content\/uploads\/2022\/02\/20220221SiebenTageInzidenzen-300x144.jpg 300w, https:\/\/www.schiebener.net\/wordpress\/wp-content\/uploads\/2022\/02\/20220221SiebenTageInzidenzen-768x369.jpg 768w, https:\/\/www.schiebener.net\/wordpress\/wp-content\/uploads\/2022\/02\/20220221SiebenTageInzidenzen-1536x737.jpg 1536w, https:\/\/www.schiebener.net\/wordpress\/wp-content\/uploads\/2022\/02\/20220221SiebenTageInzidenzen-1200x576.jpg 1200w, https:\/\/www.schiebener.net\/wordpress\/wp-content\/uploads\/2022\/02\/20220221SiebenTageInzidenzen.jpg 1856w\" sizes=\"(max-width: 709px) 85vw, (max-width: 909px) 67vw, (max-width: 1362px) 62vw, 840px\" \/><\/a><figcaption>Die Entwicklung der 7-Tage-Inzidenz (RKI) seit dem 31. Januar 2022 (Quelle: Corona-Dashboard HSK)<\/figcaption><\/figure><\/div>\n\n\n\n<p><strong>\u00dcber das Wochenende gab es mit Stand von Montag, 21. Februar, 9 Uhr, kreisweit 1.384 Neuinfizierte. Die Zahl der Genesenen wird erst mit der morgigen Statistik bereinigt. Die 7-Tage-Inzidenz betr\u00e4gt 1.638,8 (Stand 21. Februar, 0 Uhr).<\/strong> <br><br>Damit sind es aktuell 8.648 Infizierte, 29.351 Genesene sowie 38.245 best\u00e4tigte F\u00e4lle. Station\u00e4r werden 58 Personen behandelt, davon werden zehn Personen intensivmedizinisch betreut und sechs Personen werden beatmet. <br><br>Am 18. Februar ist ein 80-j\u00e4hriger Mann aus Brilon verstorben. Damit sind es jetzt 246 Sterbef\u00e4lle in Verbindung mit einer Corona-Infektion. <br><br>Alle infizierten Personen verteilen sich insgesamt wie folgt auf die St\u00e4dte und Gemeinden: Arnsberg (2.193), Bestwig (302), Brilon (921), Eslohe (255), Hallenberg (156), Marsberg (575), Medebach (266), Meschede (949), Olsberg (522), Schmallenberg (844), Sundern (1.242) und Winterberg (423).<\/p>\n","protected":false},"excerpt":{"rendered":"<p>\u00dcber das Wochenende gab es mit Stand von Montag, 21. Februar, 9 Uhr, kreisweit 1.384 Neuinfizierte. Die Zahl der Genesenen wird erst mit der morgigen Statistik bereinigt. Die 7-Tage-Inzidenz betr\u00e4gt &hellip; <a href=\"https:\/\/www.schiebener.net\/wordpress\/corona-virus-im-hsk-1-384-neuinfizierte-58-stationaer-die-7-tage-inzidenz-betraegt-1-6388\/\" class=\"more-link\"><span class=\"screen-reader-text\">\u201eCorona-Virus im HSK: 1.384 Neuinfizierte, 58 station\u00e4r. Die 7-Tage-Inzidenz betr\u00e4gt 1.638,8.\u201c <\/span>weiterlesen<\/a><\/p>\n","protected":false},"author":17,"featured_media":0,"comment_status":"open","ping_status":"open","sticky":false,"template":"","format":"standard","meta":{"footnotes":""},"categories":[7088,303,80,1043],"tags":[8645,8609,8926,8610],"class_list":["post-51560","post","type-post","status-publish","format-standard","hentry","category-gesundheit","category-in-unserem-briefkasten","category-lokales","category-pressemitteilungen","tag-corona-krise","tag-covid19","tag-omikron","tag-pandemie"],"_links":{"self":[{"href":"https:\/\/www.schiebener.net\/wordpress\/wp-json\/wp\/v2\/posts\/51560","targetHints":{"allow":["GET"]}}],"collection":[{"href":"https:\/\/www.schiebener.net\/wordpress\/wp-json\/wp\/v2\/posts"}],"about":[{"href":"https:\/\/www.schiebener.net\/wordpress\/wp-json\/wp\/v2\/types\/post"}],"author":[{"embeddable":true,"href":"https:\/\/www.schiebener.net\/wordpress\/wp-json\/wp\/v2\/users\/17"}],"replies":[{"embeddable":true,"href":"https:\/\/www.schiebener.net\/wordpress\/wp-json\/wp\/v2\/comments?post=51560"}],"version-history":[{"count":0,"href":"https:\/\/www.schiebener.net\/wordpress\/wp-json\/wp\/v2\/posts\/51560\/revisions"}],"wp:attachment":[{"href":"https:\/\/www.schiebener.net\/wordpress\/wp-json\/wp\/v2\/media?parent=51560"}],"wp:term":[{"taxonomy":"category","embeddable":true,"href":"https:\/\/www.schiebener.net\/wordpress\/wp-json\/wp\/v2\/categories?post=51560"},{"taxonomy":"post_tag","embeddable":true,"href":"https:\/\/www.schiebener.net\/wordpress\/wp-json\/wp\/v2\/tags?post=51560"}],"curies":[{"name":"wp","href":"https:\/\/api.w.org\/{rel}","templated":true}]}}