{"id":51441,"date":"2022-02-09T20:18:55","date_gmt":"2022-02-09T19:18:55","guid":{"rendered":"https:\/\/www.schiebener.net\/wordpress\/?p=51441"},"modified":"2022-02-09T20:18:57","modified_gmt":"2022-02-09T19:18:57","slug":"was-waere-das-grundgesetz-ohne","status":"publish","type":"post","link":"https:\/\/www.schiebener.net\/wordpress\/was-waere-das-grundgesetz-ohne\/","title":{"rendered":"Was w\u00e4re das Grundgesetz ohne &#8230;"},"content":{"rendered":"\n<div class=\"wp-block-image\"><figure class=\"aligncenter size-large is-resized\"><a href=\"https:\/\/www.schiebener.net\/wordpress\/wp-content\/uploads\/2022\/02\/2022020105Kassel.jpg\" target=\"_blank\" rel=\"noopener\"><img decoding=\"async\" src=\"https:\/\/www.schiebener.net\/wordpress\/wp-content\/uploads\/2022\/02\/2022020105Kassel-678x1024.jpg\" alt=\"\" class=\"wp-image-51442\" width=\"600\" srcset=\"https:\/\/www.schiebener.net\/wordpress\/wp-content\/uploads\/2022\/02\/2022020105Kassel-678x1024.jpg 678w, https:\/\/www.schiebener.net\/wordpress\/wp-content\/uploads\/2022\/02\/2022020105Kassel-198x300.jpg 198w, https:\/\/www.schiebener.net\/wordpress\/wp-content\/uploads\/2022\/02\/2022020105Kassel-768x1161.jpg 768w, https:\/\/www.schiebener.net\/wordpress\/wp-content\/uploads\/2022\/02\/2022020105Kassel-1016x1536.jpg 1016w, https:\/\/www.schiebener.net\/wordpress\/wp-content\/uploads\/2022\/02\/2022020105Kassel-1200x1814.jpg 1200w, https:\/\/www.schiebener.net\/wordpress\/wp-content\/uploads\/2022\/02\/2022020105Kassel.jpg 1355w\" sizes=\"(max-width: 709px) 85vw, (max-width: 909px) 67vw, (max-width: 984px) 61vw, (max-width: 1362px) 45vw, 600px\" \/><\/a><figcaption>Was w\u00e4re das Grundgesetz ohne Elisabeth Selbert? (foto: zoom)<\/figcaption><\/figure><\/div>\n\n\n\n<p class=\"has-drop-cap\"><strong>Elisabeth Selbert, geborene <em>Martha Elisabeth Rohde<\/em>, (* 22. September 1896 in Kassel; \u2020 9. Juni 1986 ebenda) war eine deutsche Politikerin und Juristin. <\/strong><\/p>\n\n\n\n<p>Als SPD-Abgeordnete im Parlamentarischen Rat 1948\/1949 war sie eine der vier \u201e<a rel=\"noreferrer noopener\" href=\"https:\/\/de.wikipedia.org\/wiki\/M%C3%BCtter_des_Grundgesetzes\" target=\"_blank\">M\u00fctter des Grundgesetzes<\/a>\u201c. Die Aufnahme der Gleichberechtigung in den <a href=\"https:\/\/de.wikipedia.org\/wiki\/Grundrechte_(Deutschland)\">Grundrechteteil<\/a> der bundesdeutschen Verfassung ist zum gro\u00dfen Teil ihr Verdienst. <br><br>Quelle: <a rel=\"noreferrer noopener\" href=\"https:\/\/de.wikipedia.org\/wiki\/Elisabeth_Selbert\" target=\"_blank\">https:\/\/de.wikipedia.org\/wiki\/Elisabeth_Selbert<\/a><br><br>Ich will mich nicht zu sehr aus dem Fenster h\u00e4ngen, aber vielleicht schaffe ich es, mich bis zum 9. Juni oder 23. Mai, dem Tag des Grundgesetzes, etwas mehr und \u00fcber Wikipedia hinaus mit ihrer Lebensgeschichte zu besch\u00e4ftigen.<br><br>Kassel &#8211; Frau &#8211; Grundgesetz &#8211; Weimarer Republik &#8211; Nationalsozialismus &#8211; Bundesrepublik &#8211; sollte interessant sein.<\/p>\n","protected":false},"excerpt":{"rendered":"<p>Elisabeth Selbert, geborene Martha Elisabeth Rohde, (* 22. September 1896 in Kassel; \u2020 9. Juni 1986 ebenda) war eine deutsche Politikerin und Juristin. Als SPD-Abgeordnete im Parlamentarischen Rat 1948\/1949 war &hellip; <a href=\"https:\/\/www.schiebener.net\/wordpress\/was-waere-das-grundgesetz-ohne\/\" class=\"more-link\"><span class=\"screen-reader-text\">\u201eWas w\u00e4re das Grundgesetz ohne &#8230;\u201c <\/span>weiterlesen<\/a><\/p>\n","protected":false},"author":3,"featured_media":0,"comment_status":"open","ping_status":"open","sticky":false,"template":"","format":"standard","meta":{"footnotes":""},"categories":[1075,2620,319,6,7507],"tags":[515],"class_list":["post-51441","post","type-post","status-publish","format-standard","hentry","category-frauen","category-frauenpolitik","category-geschichte","category-kalenderblatt","category-nationalsozialismus","tag-grundgesetz"],"_links":{"self":[{"href":"https:\/\/www.schiebener.net\/wordpress\/wp-json\/wp\/v2\/posts\/51441","targetHints":{"allow":["GET"]}}],"collection":[{"href":"https:\/\/www.schiebener.net\/wordpress\/wp-json\/wp\/v2\/posts"}],"about":[{"href":"https:\/\/www.schiebener.net\/wordpress\/wp-json\/wp\/v2\/types\/post"}],"author":[{"embeddable":true,"href":"https:\/\/www.schiebener.net\/wordpress\/wp-json\/wp\/v2\/users\/3"}],"replies":[{"embeddable":true,"href":"https:\/\/www.schiebener.net\/wordpress\/wp-json\/wp\/v2\/comments?post=51441"}],"version-history":[{"count":0,"href":"https:\/\/www.schiebener.net\/wordpress\/wp-json\/wp\/v2\/posts\/51441\/revisions"}],"wp:attachment":[{"href":"https:\/\/www.schiebener.net\/wordpress\/wp-json\/wp\/v2\/media?parent=51441"}],"wp:term":[{"taxonomy":"category","embeddable":true,"href":"https:\/\/www.schiebener.net\/wordpress\/wp-json\/wp\/v2\/categories?post=51441"},{"taxonomy":"post_tag","embeddable":true,"href":"https:\/\/www.schiebener.net\/wordpress\/wp-json\/wp\/v2\/tags?post=51441"}],"curies":[{"name":"wp","href":"https:\/\/api.w.org\/{rel}","templated":true}]}}