{"id":5130,"date":"2009-10-08T16:31:56","date_gmt":"2009-10-08T14:31:56","guid":{"rendered":"http:\/\/www.schiebener.net\/wordpress\/?p=5130"},"modified":"2009-10-08T16:36:29","modified_gmt":"2009-10-08T14:36:29","slug":"meschede-minister-uhlenberg-kommt-ins-kloster","status":"publish","type":"post","link":"https:\/\/www.schiebener.net\/wordpress\/meschede-minister-uhlenberg-kommt-ins-kloster\/","title":{"rendered":"Meschede: Minister Uhlenberg kommt ins Kloster"},"content":{"rendered":"<figure id=\"attachment_5131\" aria-describedby=\"caption-attachment-5131\" style=\"width: 200px\" class=\"wp-caption alignleft\"><img loading=\"lazy\" decoding=\"async\" class=\"size-full wp-image-5131\" title=\"Eckhard Uhlenberg\" src=\"http:\/\/www.schiebener.net\/wordpress\/wp-content\/uploads\/2009\/10\/uhlenberg01.jpg\" alt=\"\" width=\"200\" height=\"300\" \/><figcaption id=\"caption-attachment-5131\" class=\"wp-caption-text\">Minister Eckhard Uhlenberg (Pressearchiv des Ministeriums)<\/figcaption><\/figure>\n<p>Im <a href=\"http:\/\/www.koenigsmuenster.de\/abtei+k%C3%B6nigsm%C3%BCnster\/rechtes_menu\/terminkalender\/news1555.html\" target=\"_blank\">Terminkalender der Abtei K\u00f6nigm\u00fcnster in Meschede<\/a> wird f\u00fcr den morgigen Freitag der Besuch von NRW-Minister Eckhard Uhlenberg angek\u00fcndigt.<br \/>\n&#8222;Aus Anlass des Empfangs zum Erntedankfest des Ministers f\u00fcr Umwelt und Naturschutz, Landwirtschaft und Verbraucherschutz des Landes Nordrhein-Westfalen, Eckhard Uhlenberg, findet am 9. Oktober 2009 um 17.30 ein \u00f6kumenischer Gottesdienst in unserer Abteikirche statt.&#8220;<\/p>\n<p><strong>Einer unserer anonymen Leser bemerkt dazu:<\/strong><\/p>\n<p>&#8222;Wer m\u00f6chte mal `nen echten Minister sehen,<br \/>\nder muss morgen in`s Kloster gehen!<\/p>\n<p>Meschede erwartet am Freitag hohen Besuch. Minister Uhlenberg feiert in der Benediktiner Abtei K\u00f6nigsm\u00fcnster mit einigen geladenen Honoratioren und Lokalgr\u00f6\u00dfen das Erntedankfest (incl. Messe und Imbiss).&#8220;<\/p>\n<p>Wir werden nicht berichten k\u00f6nnen, da s\u00e4mtliche Mitarbeiterinnen und Mitarbeiter dieses Blogs keine Einladung erhalten haben.<\/p>\n<p>In der Redaktion f\u00fchlt sich, einer Blitzumfrage zufolge, niemand in seiner Ehre verletzt, da wir uns bislang nicht zu den Honoratioren und Lokalgr\u00f6\u00dfen rund um Meschede rechneten.<\/p>\n<p>Wer sich im Gegensatz zu uns bis heute der privilegierten Schicht des Hochsauerlandes angeh\u00f6rig gef\u00fchlt hat, sollte pronto, pronto seine Sekret\u00e4rin beauftragen, nochmals den Post-Eingangskorb zu scannen.<\/p>\n<p>&#8222;Frau Ilse! Sind Sie absolut sicher, dass da keine Einladung f\u00fcr K\u00f6nigsm\u00fcnster dabei war?&#8220;<\/p>\n<p>Schade, Sie \u00c4rmster, nutzen Sie doch morgen die freie Zeit und bloggen Sie sich ihren Frust vom Leibe.<\/p>\n<p>Wir suchen immer engagierte Mitschreiber, die f\u00fcr Gotteslohn arbeiten.<\/p>\n","protected":false},"excerpt":{"rendered":"<p>Im Terminkalender der Abtei K\u00f6nigm\u00fcnster in Meschede wird f\u00fcr den morgigen Freitag der Besuch von NRW-Minister Eckhard Uhlenberg angek\u00fcndigt. &#8222;Aus Anlass des Empfangs zum Erntedankfest des Ministers f\u00fcr Umwelt und &hellip; <a href=\"https:\/\/www.schiebener.net\/wordpress\/meschede-minister-uhlenberg-kommt-ins-kloster\/\" class=\"more-link\"><span class=\"screen-reader-text\">\u201eMeschede: Minister Uhlenberg kommt ins Kloster\u201c <\/span>weiterlesen<\/a><\/p>\n","protected":false},"author":3,"featured_media":0,"comment_status":"open","ping_status":"open","sticky":false,"template":"","format":"standard","meta":{"footnotes":""},"categories":[174,80,24,49],"tags":[882,881,880,264],"class_list":["post-5130","post","type-post","status-publish","format-standard","hentry","category-dit-und-dat","category-lokales","category-politik","category-religion","tag-abtei","tag-benediktiner","tag-eckhard-uhlenberg","tag-meschede"],"_links":{"self":[{"href":"https:\/\/www.schiebener.net\/wordpress\/wp-json\/wp\/v2\/posts\/5130","targetHints":{"allow":["GET"]}}],"collection":[{"href":"https:\/\/www.schiebener.net\/wordpress\/wp-json\/wp\/v2\/posts"}],"about":[{"href":"https:\/\/www.schiebener.net\/wordpress\/wp-json\/wp\/v2\/types\/post"}],"author":[{"embeddable":true,"href":"https:\/\/www.schiebener.net\/wordpress\/wp-json\/wp\/v2\/users\/3"}],"replies":[{"embeddable":true,"href":"https:\/\/www.schiebener.net\/wordpress\/wp-json\/wp\/v2\/comments?post=5130"}],"version-history":[{"count":0,"href":"https:\/\/www.schiebener.net\/wordpress\/wp-json\/wp\/v2\/posts\/5130\/revisions"}],"wp:attachment":[{"href":"https:\/\/www.schiebener.net\/wordpress\/wp-json\/wp\/v2\/media?parent=5130"}],"wp:term":[{"taxonomy":"category","embeddable":true,"href":"https:\/\/www.schiebener.net\/wordpress\/wp-json\/wp\/v2\/categories?post=5130"},{"taxonomy":"post_tag","embeddable":true,"href":"https:\/\/www.schiebener.net\/wordpress\/wp-json\/wp\/v2\/tags?post=5130"}],"curies":[{"name":"wp","href":"https:\/\/api.w.org\/{rel}","templated":true}]}}