{"id":51172,"date":"2022-01-22T20:55:10","date_gmt":"2022-01-22T19:55:10","guid":{"rendered":"https:\/\/www.schiebener.net\/wordpress\/?p=51172"},"modified":"2022-01-22T21:07:11","modified_gmt":"2022-01-22T20:07:11","slug":"nicht-nur-zur-weihnachtszeit-von-hinten-durch-die-brust-zum-mediacampnrw","status":"publish","type":"post","link":"https:\/\/www.schiebener.net\/wordpress\/nicht-nur-zur-weihnachtszeit-von-hinten-durch-die-brust-zum-mediacampnrw\/","title":{"rendered":"Nicht nur zur Weihnachtszeit &#8230; von hinten durch die Brust zum #MediaCampNRW"},"content":{"rendered":"\n<div class=\"wp-block-image\"><figure class=\"aligncenter size-large is-resized\"><a href=\"https:\/\/www.schiebener.net\/wordpress\/wp-content\/uploads\/2022\/01\/2022012102Weihnachtsmann.jpg\" target=\"_blank\" rel=\"noopener\"><img decoding=\"async\" src=\"https:\/\/www.schiebener.net\/wordpress\/wp-content\/uploads\/2022\/01\/2022012102Weihnachtsmann-683x1024.jpg\" alt=\"\" class=\"wp-image-51173\" width=\"600\" srcset=\"https:\/\/www.schiebener.net\/wordpress\/wp-content\/uploads\/2022\/01\/2022012102Weihnachtsmann-683x1024.jpg 683w, https:\/\/www.schiebener.net\/wordpress\/wp-content\/uploads\/2022\/01\/2022012102Weihnachtsmann-200x300.jpg 200w, https:\/\/www.schiebener.net\/wordpress\/wp-content\/uploads\/2022\/01\/2022012102Weihnachtsmann-768x1152.jpg 768w, https:\/\/www.schiebener.net\/wordpress\/wp-content\/uploads\/2022\/01\/2022012102Weihnachtsmann-1024x1536.jpg 1024w, https:\/\/www.schiebener.net\/wordpress\/wp-content\/uploads\/2022\/01\/2022012102Weihnachtsmann-1200x1800.jpg 1200w, https:\/\/www.schiebener.net\/wordpress\/wp-content\/uploads\/2022\/01\/2022012102Weihnachtsmann.jpg 1365w\" sizes=\"(max-width: 709px) 85vw, (max-width: 909px) 67vw, (max-width: 984px) 61vw, (max-width: 1362px) 45vw, 600px\" \/><\/a><figcaption>Im Hochsauerland ist die Weihnachtsmann immer noch auf dem Sprung. (foto: zoom)<\/figcaption><\/figure><\/div>\n\n\n\n<p><strong>Fr\u00fcher habe ich mich \u00fcber Leute lustig gemacht, die ihre Weihnachtsdeko bis in den Februar hinein blinken und leuchten lie\u00dfen. In diesen pandemisch-grauen Zeiten hebt der in den Vorgarten schwebende rot-gr\u00fcne Weihnachtsmann meine Laune. Warum nicht Farbe in die tr\u00fcben Tage bringen? Nicht nur zur Weihnachtszeit &#8230;<\/strong><br><br>Mein Kopf brummt, denn heute fand das <em>#MediaCampNRW<\/em> 2022 in Duisburg statt. Ok, das ist ein bisschen gelogen, denn keiner der gut 50 Teilnehmer:innen aus vielen Teilen Deutschlands hatte auch nur einen Fu\u00df vor die T\u00fcr gesetzt. Wir trafen uns in der gro\u00dfen weiten virtuellen Welt der Konferenzsoftware <em>Zoom<\/em>, unterst\u00fctzt von <em><a rel=\"noreferrer noopener\" href=\"https:\/\/www.duisburgistecht.de\/\" target=\"_blank\">Duisburg ist echt<\/a><\/em> und den <em><a rel=\"noreferrer noopener\" href=\"https:\/\/www.journalisten-tools.de\/\" target=\"_blank\">JournalistenTools<\/a><\/em>. Die Veranstaltungsleitung hatten Kai R\u00fcsberg (MediaLab) und Christina Quast (JournalistenTools).<br><br>Ein Barcamp, so die Veranstaltungsform, besteht aus jeweils 45-min\u00fctigen parallel stattfindenden Sessions. Die Themen dieser Sessions werden von den\u00a0Teilnehmer*innen vorgeschlagen. <br><br>Das endg\u00fcltige Programm des <em>#MediaCampNRW<\/em> wurde also heute Morgen zu Beginn der Veranstaltung gemeinsam festgelegt.<br><br>Zwei Themen, die schon im Vorwege vorgeschlagen waren, hatten mich zur Teilnahme bewegt:<br><br><strong>Fake News und Desinformation<\/strong> \u2013 wie sie entstehen und wie wir sie entlarven k\u00f6nnen \u2013 Daniel Fitzke<br><strong>Mehrspurbearbeitung f\u00fcr Podcasts<\/strong> \u2013 Kai R\u00fcsberg<br><br>Meine eigene Fragestellung habe ich dann &#8222;todesmutig&#8220; selbst eingebracht:<br><br>Wie mit <strong>begrenzten Ressourcen<\/strong> ein <strong>Lokalblog herausgeben bzw. optimieren?<\/strong><br><br>Sowohl die Pr\u00e4sentationen Daniel Fitze als auch von Kai R\u00fcsberg waren interessant und werden hoffentlich hier im Blog ihre Spuren hinterlassen. Eine inhaltliche Wiedergabe erspare ich mir, auch weil ich jetzt m\u00fcde bin und ein Buch lesen will.<br><br>Die Session zum Lokalblog war f\u00fcr mich sehr aufschlussreich. Viele Tipps, Hinweise und Vorschl\u00e4ge der anderen Teilnehmer:innen m\u00fcssen erst einmal sacken, sortiert werden und dann ihren Weg in den Blog-Alltag finden.<br><br>Soweit so unvollst\u00e4ndig. Nehmt es als Tagebucheintrag.<br><br><br><br><\/p>\n","protected":false},"excerpt":{"rendered":"<p>Fr\u00fcher habe ich mich \u00fcber Leute lustig gemacht, die ihre Weihnachtsdeko bis in den Februar hinein blinken und leuchten lie\u00dfen. In diesen pandemisch-grauen Zeiten hebt der in den Vorgarten schwebende &hellip; <a href=\"https:\/\/www.schiebener.net\/wordpress\/nicht-nur-zur-weihnachtszeit-von-hinten-durch-die-brust-zum-mediacampnrw\/\" class=\"more-link\"><span class=\"screen-reader-text\">\u201eNicht nur zur Weihnachtszeit &#8230; von hinten durch die Brust zum #MediaCampNRW\u201c <\/span>weiterlesen<\/a><\/p>\n","protected":false},"author":3,"featured_media":0,"comment_status":"open","ping_status":"open","sticky":false,"template":"","format":"standard","meta":{"footnotes":""},"categories":[2489,80,32,7281],"tags":[8956],"class_list":["post-51172","post","type-post","status-publish","format-standard","hentry","category-in-eigener-sache","category-lokales","category-medien","category-podcast","tag-mediacampnrw"],"_links":{"self":[{"href":"https:\/\/www.schiebener.net\/wordpress\/wp-json\/wp\/v2\/posts\/51172","targetHints":{"allow":["GET"]}}],"collection":[{"href":"https:\/\/www.schiebener.net\/wordpress\/wp-json\/wp\/v2\/posts"}],"about":[{"href":"https:\/\/www.schiebener.net\/wordpress\/wp-json\/wp\/v2\/types\/post"}],"author":[{"embeddable":true,"href":"https:\/\/www.schiebener.net\/wordpress\/wp-json\/wp\/v2\/users\/3"}],"replies":[{"embeddable":true,"href":"https:\/\/www.schiebener.net\/wordpress\/wp-json\/wp\/v2\/comments?post=51172"}],"version-history":[{"count":0,"href":"https:\/\/www.schiebener.net\/wordpress\/wp-json\/wp\/v2\/posts\/51172\/revisions"}],"wp:attachment":[{"href":"https:\/\/www.schiebener.net\/wordpress\/wp-json\/wp\/v2\/media?parent=51172"}],"wp:term":[{"taxonomy":"category","embeddable":true,"href":"https:\/\/www.schiebener.net\/wordpress\/wp-json\/wp\/v2\/categories?post=51172"},{"taxonomy":"post_tag","embeddable":true,"href":"https:\/\/www.schiebener.net\/wordpress\/wp-json\/wp\/v2\/tags?post=51172"}],"curies":[{"name":"wp","href":"https:\/\/api.w.org\/{rel}","templated":true}]}}