{"id":51166,"date":"2022-01-21T12:10:56","date_gmt":"2022-01-21T11:10:56","guid":{"rendered":"https:\/\/www.schiebener.net\/wordpress\/?p=51166"},"modified":"2022-01-21T22:18:28","modified_gmt":"2022-01-21T21:18:28","slug":"corona-virus-im-hsk-59-schulen-sowie-15-kindertagesstaetten-betroffen-impfangebot-fuer-kinder-sowie-neue-termine-fuer-erst-zweit-und-booster-impfungen","status":"publish","type":"post","link":"https:\/\/www.schiebener.net\/wordpress\/corona-virus-im-hsk-59-schulen-sowie-15-kindertagesstaetten-betroffen-impfangebot-fuer-kinder-sowie-neue-termine-fuer-erst-zweit-und-booster-impfungen\/","title":{"rendered":"Corona-Virus im HSK:  59 Schulen sowie 15 Kindertagesst\u00e4tten betroffen. <div><small>Impfangebot f\u00fcr Kinder plus neue Termine f\u00fcr Erst-, Zweit- und Booster-Impfungen.<\/small><\/div>"},"content":{"rendered":"\n<div class=\"wp-block-image\"><figure class=\"aligncenter size-large is-resized\"><a href=\"https:\/\/www.schiebener.net\/wordpress\/wp-content\/uploads\/2022\/01\/20220121SiebenTageInzidenzen.jpg\" target=\"_blank\" rel=\"noopener\"><img decoding=\"async\" src=\"https:\/\/www.schiebener.net\/wordpress\/wp-content\/uploads\/2022\/01\/20220121SiebenTageInzidenzen-1024x495.jpg\" alt=\"\" class=\"wp-image-51168\" width=\"600\" srcset=\"https:\/\/www.schiebener.net\/wordpress\/wp-content\/uploads\/2022\/01\/20220121SiebenTageInzidenzen-1024x495.jpg 1024w, https:\/\/www.schiebener.net\/wordpress\/wp-content\/uploads\/2022\/01\/20220121SiebenTageInzidenzen-300x145.jpg 300w, https:\/\/www.schiebener.net\/wordpress\/wp-content\/uploads\/2022\/01\/20220121SiebenTageInzidenzen-768x372.jpg 768w, https:\/\/www.schiebener.net\/wordpress\/wp-content\/uploads\/2022\/01\/20220121SiebenTageInzidenzen-1536x743.jpg 1536w, https:\/\/www.schiebener.net\/wordpress\/wp-content\/uploads\/2022\/01\/20220121SiebenTageInzidenzen-1200x581.jpg 1200w, https:\/\/www.schiebener.net\/wordpress\/wp-content\/uploads\/2022\/01\/20220121SiebenTageInzidenzen.jpg 1860w\" sizes=\"(max-width: 709px) 85vw, (max-width: 909px) 67vw, (max-width: 1362px) 62vw, 840px\" \/><\/a><figcaption>Entwicklung der 7-Tage-Inzidenz (RKI) seit dem 31. Dezember 2021 (Quelle: Corona-Dashboard HSK)<\/figcaption><\/figure><\/div>\n\n\n\n<p class=\"has-drop-cap\"><strong>Das Gesundheitsamt des Hochsauerlandkreises vermeldet am Freitag, 21. Januar, 9 Uhr, kreisweit 208 Neuinfizierte und 383 Genesene. Die 7-Tage-Inzidenz betr\u00e4gt 443,2 (Stand 21. Januar, 0 Uhr).<\/strong><\/p>\n\n\n\n<p>Aktuell gibt es damit 581 Infizierte, 16.428 Genesene sowie 241 Sterbef\u00e4lle in Verbindung mit einer Corona-Infektion. Station\u00e4r werden 26 Personen behandelt, f\u00fcnf intensivmedizinisch und davon werden zwei Personen beatmet. Die Zahl aller best\u00e4tigten F\u00e4lle betr\u00e4gt nun 17.250.<\/p>\n\n\n\n<p>Vom Infektionsgeschehen sind aktuell ein Krankenhaus, zwei Pflegeeinrichtungen, drei sonstige Einrichtungen, 59 Schulen sowie 15 Kindertagesst\u00e4tten betroffen.<br><br>Alle 581 infizierten Personen verteilen sich insgesamt wie folgt auf die St\u00e4dte und Gemeinden: Arnsberg (156), Bestwig (27), Brilon (81), Eslohe (15), Hallenberg (12), Marsberg (27), Medebach (34), Meschede (27), Olsberg (34), Schmallenberg (35), Sundern (64) und Winterberg (69).<br><br><strong>HSK-Impfangebot f\u00fcr Kinder: Neue Termine freigeschaltet<\/strong><\/p>\n\n\n\n<p>Die Koordinierende Covid-Impfeinheit des Hochsauerlandkreises hat f\u00fcr die Kinder-Impfungen neue Termine freigeschaltet. Das Angebot richtet sich an Kinder zwischen f\u00fcnf und elf Jahren, auch ohne Vorerkrankungen.&nbsp;<\/p>\n\n\n\n<p><strong>Die n\u00e4chsten Termine sind:<\/strong><\/p>\n\n\n\n<p>Samstag, 22. Januar, Meschede<\/p>\n\n\n\n<p>Mittwoch, 26. Januar, Arnsberg<\/p>\n\n\n\n<p>Mittwoch, 26. Januar, Meschede<\/p>\n\n\n\n<p>Mittwoch, 26. Januar, Brilon<\/p>\n\n\n\n<p>Freitag, 28. Januar, Brilon<\/p>\n\n\n\n<p>Freitag, 28. Januar, Arnsberg<\/p>\n\n\n\n<p>Freitag, 28. Januar, Schmallenberg<\/p>\n\n\n\n<p>Unter <a rel=\"noreferrer noopener\" href=\"http:\/\/www.hochsauerlandkreis.de\/?fbclid=IwAR0qqdmviiN9ff-tmwtuHfJcEWRvVhRmqN_mankEr2rCFSkXhD75i_vjlt0\" target=\"_blank\">www.hochsauerlandkreis.de<\/a> finden Erziehungsberechtigte die Einwilligungserkl\u00e4rung, die m\u00f6glichst ausgedruckt und ausgef\u00fcllt zum Termin mitgebracht werden sollte und den Terminkalender.<\/p>\n\n\n\n<p><strong>Neue Termine f\u00fcr Erst-, Zweit- und Booster-Impfungen<\/strong><\/p>\n\n\n\n<p>Die Koordinierende Covid-Impfeinheit des Hochsauerlandkreises hat sein Impfangebot um weitere Termine erweitert. Weiterhin ben\u00f6tigen Impflinge ab zw\u00f6lf Jahren keine vorherige Terminvereinbarung.<br>Die HSK-Impfstellen sind mit ausreichend Personal bzw. \u00c4rzten besetzt, sodass keine langen Wartezeiten entstehen. Mitzubringen sind Personalausweis, Impfausweis und ggf. die Impfmappe mit den Unterlagen der 1. bzw. 2 Impfung. Um den Prozess zu beschleunigen,&nbsp; bitte vorab unter dem Link: <a href=\"http:\/\/www.rki.de\/DE\/Content\/Infekt\/Impfen\/Materialien\/COVID-19-Aufklaerungsbogen-Tab.html\" target=\"_blank\" rel=\"noreferrer noopener\">www.rki.de\/DE\/Content\/Infekt\/Impfen\/Materialien\/COVID-19-Aufklaerungsbogen-Tab.html<\/a><br>den Aufkl\u00e4rung-, Einwilligung- und Anamneseb\u00f6gen zum vorgezogenen Ausf\u00fcllen herunterladen und zum Impftermin mitbringen.<\/p>\n\n\n\n<p><strong>An folgenden Stellen werden Erst-, Zweit- und Booster-Impfungen angeboten:<\/strong><\/p>\n\n\n\n<p>27.01.2022 <strong>Schmallenberg<\/strong>, Stadthalle, Paul-Falke Platz 6, 14-20 Uhr<br>28.01.2022 <strong>Schmallenberg<\/strong>, Stadthalle, Paul-Falke Platz 6, 14-20 Uhr<br>29.01.2022 <strong>Schmallenberg<\/strong>, Stadthalle, Paul-Falke Platz 6, 12-18 Uhr<\/p>\n\n\n\n<p>26.01.2022&nbsp;<strong>Meschede<\/strong>, Sch\u00fctzenhalle St.Georg, Sch\u00fctzenstr. 37, 14-20 Uhr&nbsp;&nbsp;&nbsp;&nbsp;&nbsp;&nbsp;&nbsp;&nbsp;&nbsp;&nbsp;&nbsp;&nbsp;&nbsp;&nbsp;&nbsp;&nbsp;&nbsp;&nbsp;&nbsp;&nbsp;&nbsp;&nbsp;&nbsp;&nbsp;&nbsp;&nbsp;&nbsp;&nbsp;&nbsp;&nbsp;&nbsp;&nbsp;&nbsp;&nbsp;&nbsp;&nbsp;&nbsp;&nbsp;&nbsp;&nbsp;&nbsp;&nbsp;&nbsp;<br>27.01.2022 <strong>Meschede<\/strong>, Sch\u00fctzenhalle St. Georg, Sch\u00fctzenstr. 37, 14-20 Uhr&nbsp;&nbsp;&nbsp;&nbsp;<br>28.01.2022 <strong>Meschede<\/strong>, Sch\u00fctzenhalle St. Georg, Sch\u00fctzenstr. 37, 12-18 Uhr<\/p>\n\n\n\n<p>24.01.2022 <strong>Alt-Arnsberg<\/strong> im Sauerland-Theater, Feauxweg, 14-20 Uhr<br>25.01.2022 <strong>Alt-Arnsberg<\/strong> im Sauerland-Theater, Feauxweg, 14-20 Uhr<br><br>26.01.2022 <strong>Arnsberg-H\u00fcsten<\/strong>, Kulturzentrum, Berliner Platz 5, 14-20 Uhr<br>27.01.2022 <strong>Arnsberg-H\u00fcsten<\/strong>, Kulturzentrum, Berliner Platz 5, 14-20 Uhr<br>28.01.2022 <strong>Arnsberg-H\u00fcsten<\/strong>, Kulturzentrum, Berliner Platz 5, 14-20 Uhr&nbsp;&nbsp;&nbsp;&nbsp;&nbsp;&nbsp;&nbsp;&nbsp;&nbsp;&nbsp;&nbsp;&nbsp;&nbsp;&nbsp;&nbsp;<br>29.01.2022 <strong>Arnsberg-H\u00fcsten<\/strong>, Kulturzentrum, Berliner Platz 5, 12-18 Uhr<\/p>\n\n\n\n<p>26.01.2022&nbsp;<strong>Brilon<\/strong>, Sch\u00fctzenhalle. Altenb\u00fcrener Str. 19, 14-20 Uhr&nbsp;<br>27.01.2022&nbsp;<strong>Brilon<\/strong>, Sch\u00fctzenhalle. Altenb\u00fcrener Str. 19, 14-20 Uhr&nbsp;&nbsp;<br>28.01.2022&nbsp;<strong>Brilon<\/strong>, Sch\u00fctzenhalle. Altenb\u00fcrener Str. 19, 14-20 Uhr<br>29.01.2022 <strong>Brilon<\/strong>, Sch\u00fctzenhalle. Altenb\u00fcrener Str. 19, 12-18 Uhr<\/p>\n\n\n\n<p>Anfang Februar sind die Impfteams in folgenden Kommunen zu Besuch:<\/p>\n\n\n\n<p>31.01.2022 <strong>Schmallenberg<\/strong>, Stadthalle, Paul-Falke Platz 6, 14-20 Uhr<br>02.02.2022 <strong>Schmallenberg<\/strong>, Stadthalle, Paul-Falke Platz 6, 14-20 Uhr<br>05.02.2022 <strong>Schmallenberg<\/strong>, Stadthalle, Paul-Falke Platz 6, 12-18 Uhr<br><br>02.02.2022&nbsp;<strong>Meschede,<\/strong> Sch\u00fctzenhalle St. Georg, Sch\u00fctzenstr. 37, 14-20 Uhr<br>05.02.2022&nbsp;<strong>Meschede,<\/strong> Sch\u00fctzenhalle St. Georg, Sch\u00fctzenstr. 37, 12-18 Uhr<br><br>02.02.2022&nbsp;<strong>Arnsberg-H\u00fcsten, <\/strong>Kulturzentrum, Berliner Platz 5, 14-20 Uhr&nbsp;<br>03.02.2022 <strong>Arnsberg-H\u00fcsten, <\/strong>Kulturzentrum, Berliner Platz 5, 14-20 Uhr<br>04.02.2022&nbsp;<strong>Arnsberg-H\u00fcsten, <\/strong>Kulturzentrum, Berliner Platz 5, 12-18 Uhr<br>05.02.2022 <strong>Arnsberg-H\u00fcsten, <\/strong>Kulturzentrum, Berliner Platz 5, 12-18 Uhr<br><br>02.02.2022&nbsp;<strong>Brilon,<\/strong> Sch\u00fctzenhalle, Altenb\u00fcrener Str. 19, 14-20 Uhr&nbsp;<br>04.02.2022 <strong>Brilon,<\/strong> Sch\u00fctzenhalle, Altenb\u00fcrener Str. 19, 12-18 Uhr&nbsp;&nbsp;<br>05.02.2022&nbsp;<strong>Brilon,<\/strong> Sch\u00fctzenhalle, Altenb\u00fcrener Str. 19, 12-18 Uhr<\/p>\n\n\n\n<p>Weitere Termine werden in K\u00fcrze von der Koordinierende Covid-Impfeinheit des Hochsauerlandkreises bekanntgegeben. Informationen zum Impfgeschehen finden Interessierte unter <a href=\"http:\/\/www.hochsauerlandkreis.de\" target=\"_blank\" rel=\"noreferrer noopener\">www.hochsauerlandkreis.de<\/a><\/p>\n\n\n\n<p><br><br><\/p>\n","protected":false},"excerpt":{"rendered":"<p>Das Gesundheitsamt des Hochsauerlandkreises vermeldet am Freitag, 21. Januar, 9 Uhr, kreisweit 208 Neuinfizierte und 383 Genesene. Die 7-Tage-Inzidenz betr\u00e4gt 443,2 (Stand 21. Januar, 0 Uhr). Aktuell gibt es damit &hellip; <a href=\"https:\/\/www.schiebener.net\/wordpress\/corona-virus-im-hsk-59-schulen-sowie-15-kindertagesstaetten-betroffen-impfangebot-fuer-kinder-sowie-neue-termine-fuer-erst-zweit-und-booster-impfungen\/\" class=\"more-link\"><span class=\"screen-reader-text\">\u201eCorona-Virus im HSK:  59 Schulen sowie 15 Kindertagesst\u00e4tten betroffen. <\/p>\n<div><small>Impfangebot f\u00fcr Kinder plus neue Termine f\u00fcr Erst-, Zweit- und Booster-Impfungen.<\/small><\/div>\n<p>\u201c <\/span>weiterlesen<\/a><\/p>\n","protected":false},"author":17,"featured_media":0,"comment_status":"open","ping_status":"open","sticky":false,"template":"","format":"standard","meta":{"footnotes":""},"categories":[7088,303,80,1043],"tags":[8927,8645,8609,8821,8926,8610,279],"class_list":["post-51166","post","type-post","status-publish","format-standard","hentry","category-gesundheit","category-in-unserem-briefkasten","category-lokales","category-pressemitteilungen","tag-booster","tag-corona-krise","tag-covid19","tag-impfungen","tag-omikron","tag-pandemie","tag-schulen"],"_links":{"self":[{"href":"https:\/\/www.schiebener.net\/wordpress\/wp-json\/wp\/v2\/posts\/51166","targetHints":{"allow":["GET"]}}],"collection":[{"href":"https:\/\/www.schiebener.net\/wordpress\/wp-json\/wp\/v2\/posts"}],"about":[{"href":"https:\/\/www.schiebener.net\/wordpress\/wp-json\/wp\/v2\/types\/post"}],"author":[{"embeddable":true,"href":"https:\/\/www.schiebener.net\/wordpress\/wp-json\/wp\/v2\/users\/17"}],"replies":[{"embeddable":true,"href":"https:\/\/www.schiebener.net\/wordpress\/wp-json\/wp\/v2\/comments?post=51166"}],"version-history":[{"count":0,"href":"https:\/\/www.schiebener.net\/wordpress\/wp-json\/wp\/v2\/posts\/51166\/revisions"}],"wp:attachment":[{"href":"https:\/\/www.schiebener.net\/wordpress\/wp-json\/wp\/v2\/media?parent=51166"}],"wp:term":[{"taxonomy":"category","embeddable":true,"href":"https:\/\/www.schiebener.net\/wordpress\/wp-json\/wp\/v2\/categories?post=51166"},{"taxonomy":"post_tag","embeddable":true,"href":"https:\/\/www.schiebener.net\/wordpress\/wp-json\/wp\/v2\/tags?post=51166"}],"curies":[{"name":"wp","href":"https:\/\/api.w.org\/{rel}","templated":true}]}}