{"id":51122,"date":"2022-01-18T11:25:19","date_gmt":"2022-01-18T10:25:19","guid":{"rendered":"https:\/\/www.schiebener.net\/wordpress\/?p=51122"},"modified":"2022-01-18T11:25:21","modified_gmt":"2022-01-18T10:25:21","slug":"lobbyverband-im-cdu-parteivorstand-cdu-mitglied-will-klageweg-gehen","status":"publish","type":"post","link":"https:\/\/www.schiebener.net\/wordpress\/lobbyverband-im-cdu-parteivorstand-cdu-mitglied-will-klageweg-gehen\/","title":{"rendered":"Lobbyverband im CDU-Parteivorstand: CDU-Mitglied will Klageweg gehen"},"content":{"rendered":"\n<div class=\"wp-block-image\"><figure class=\"aligncenter size-full is-resized\"><img decoding=\"async\" src=\"https:\/\/www.schiebener.net\/wordpress\/wp-content\/uploads\/2022\/01\/Tortenaktion_NL-661x300-1.jpg\" alt=\"\" class=\"wp-image-51127\" width=\"658\" srcset=\"https:\/\/www.schiebener.net\/wordpress\/wp-content\/uploads\/2022\/01\/Tortenaktion_NL-661x300-1.jpg 661w, https:\/\/www.schiebener.net\/wordpress\/wp-content\/uploads\/2022\/01\/Tortenaktion_NL-661x300-1-300x136.jpg 300w\" sizes=\"(max-width: 709px) 85vw, (max-width: 909px) 67vw, (max-width: 984px) 61vw, (max-width: 1362px) 45vw, 600px\" \/><figcaption>Pressefoto : Jakob Huber\/LobbyControl, Lizenz: <a rel=\"noreferrer noopener\" href=\"http:\/\/creativecommons.org\/licenses\/by-nc-nd\/3.0\/de\/\" target=\"_blank\">CC BY-NC-ND 3.0<\/a><\/figcaption><\/figure><\/div>\n\n\n\n<p><strong><em>Berlin, 18.1.2022<\/em> &#8211; <\/strong><strong>Ein von LobbyControl im Vorfeld des CDU-Parteitags vorgelegtes Rechtsgutachten hat gezeigt: Der CDU-Parteivorstand ist rechts- und satzungswidrig zusammengesetzt, weil der Lobbyverband \u201eWirtschaftsrat der CDU\u201c dauerhaft als Gast an den Vorstandssitzungen teilnehmen darf. Die CDU hat sich nach mehrmaligem Nachfragen noch immer nicht zu den Vorw\u00fcrfen ge\u00e4u\u00dfert. Ein CDU-Mitglied ist nun bereit, den Klageweg innerhalb der Partei zu beschreiten.<\/strong><\/p>\n\n\n\n<p><em>(Pressemitteilung LobbyControl)<\/em><\/p>\n\n\n\n<p><strong>Emp\u00f6rung \u00fcber ausbleibende CDU-Stellungnahme<\/strong><\/p>\n\n\n\n<p>\u201eWir sind entt\u00e4uscht und emp\u00f6rt, dass die Partei sich immer noch nicht zu unserem Rechtsgutachten ge\u00e4u\u00dfert hat \u2013 und das, obwohl die Vorw\u00fcrfe gegen die Partei schwer wiegen. Friedrich Merz muss als designierter Parteichef dringend klarstellen, dass er die rechtm\u00e4\u00dfige Zusammensetzung des CDU-Bundesvorstands wiederherstellen will. Dazu muss Merz deutlich erkl\u00e4ren, dass der Wirtschaftsverband nicht wieder in den Parteivorstand eingeladen wird. Das ist bisher ausgeblieben. Da die Parteispitze offenbar noch nicht zu einer Stellungnahme bereit ist, freuen wir uns, dass einzelne Parteimitglieder nun aktiv werden,\u201c sagt <strong>Christina Deckwirth, Sprecherin von LobbyControl<\/strong>.<\/p>\n\n\n\n<p>LobbyControl ist als Verein selbst nicht klageberechtigt, hatte sich aber an CDU-Mitglieder gewandt und sie u.a. in einem <a href=\"http:\/\/link.mediaoutreach.meltwater.com\/ls\/click?upn=-2FprCh-2FAN512jyLEWcQJnYoOeAdxx-2FSbbThK0wGOPOJ-2BNTSIwSScTc5iRvkSNZuCCfTupEHGwhMpzbBTu4c4UlH3ACrJePPDUrMPpDkCy7oMVINOZaBSlK21cq6qpjtV3AT2KrVdZLlzd7Aipvy3-2FGA-3D-3Dlq44_3mAmBavi85AeDtCCciU-2Fmi4h-2BE2CkMtT6uoTUbDsOcO1-2FCy75U6sgDPmQX9Ann3IX4eEvyrak8pASr4p97soveZRYY7v9eYn2d1LJWV-2BYFVVS2tJgzzQvEQE8WOZVTd-2BtCcl7pDY12CRe97EI5RqRoeEWT9WcSTS0y-2BpselH8x0pFwRaO1viHbmxkTXLAh8l0R5gbSaGRgOtCI6GCQFmoVv96EMzLHqGtOeho9Aaw-2BPn9tFX243k52GboPp-2FEHQtzNVWccd1LRSRlQLHo4TK-2BDl16Zg4g4KI5f6nMcD2dw7IIWotrWafWuSFR5DSMolAOzl-2FolL2SGEZeSN8inHmEaaHwh9OudOiJnoHqYEAIDFiK1fgUts3X-2F-2F4BLlga3a9nYuLO3JvVQHhWWP36L5yBQ-3D-3D\" target=\"_blank\" rel=\"noreferrer noopener\">Offenen Brief<\/a> dazu aufgefordert, sich f\u00fcr die demokratische Ordnung ihrer Partei einzusetzen. <strong>Luke Neite<\/strong>, ein junges Parteimitglied aus Leipzig, hat sich daraufhin bei LobbyControl gemeldet und einen Antrag auf Dokumenteneinsicht bei der Partei gestellt.<br><\/p>\n\n\n\n<p><strong>Klarstellung vor der Vorstandswahl auf Parteitag n\u00f6tig<\/strong><\/p>\n\n\n\n<p><strong>Deckwirth<\/strong> weiter: \u201eEinen Lobbyverband dauerhaft in den Parteivorstand einzuladen, ist politisch h\u00f6chst fragw\u00fcrdig. Noch problematischer ist es, wenn dies auch noch rechts- und satzungswidrig ist. Dieser Zustand darf Herrn Merz nicht gleichg\u00fcltig sein. Und dazu muss er sich dringend auch \u00f6ffentlich und gegen\u00fcber den Partei-Mitgliedern \u00e4u\u00dfern. Das muss vor der Wahl des neuen Vorstands am Samstag passieren, da auf der konstituierenden Sitzung bislang der Lobbyverband Wirtschaftsrat immer als beratender Gast eingeladen wurde. Das darf dieses Mal nicht passieren.\u201c<br><br><strong>Zum Hintergrund<br><\/strong><\/p>\n\n\n\n<p>LobbyControl hat letzten Mittwoch ein <a href=\"http:\/\/link.mediaoutreach.meltwater.com\/ls\/click?upn=-2FprCh-2FAN512jyLEWcQJnYoOeAdxx-2FSbbThK0wGOPOJ-2BAHxAawnd21VI-2BNZIU-2FUIjq71gNxu20N7M939UxibV3Vx693eo8YcmD32pwbuWhWLraRQ4oO-2Fw-2FaU-2BPK7rOiDEtkCCyN79PUObAx3K9fzbFzjGRw20kkYhldJB-2FoTbRO01rRYgIboHeATOumLVZUjH1h4Y_3mAmBavi85AeDtCCciU-2Fmi4h-2BE2CkMtT6uoTUbDsOcO1-2FCy75U6sgDPmQX9Ann3IX4eEvyrak8pASr4p97soveZRYY7v9eYn2d1LJWV-2BYFVVS2tJgzzQvEQE8WOZVTd-2BtCcl7pDY12CRe97EI5RqRoeEWT9WcSTS0y-2BpselH8x0pFwRaO1viHbmxkTXLAh8l0R5gbSaGRgOtCI6GCQFmoVv96EMzLHqGtOeho9Aaw-2BNbuLRNl8aVyAiZkcyP-2BZ6naoloS367hX2PCpHQ4BXIhpkihkitpUp7hNhB78ZcW3hOc79NDouDKcYV4FkH0ykVLXD2TvFAtsdeuuyGC0YkR6LaUuOP0VbFFxWT47eWQu71uq8ilf-2FtrkeizUMGUF7hyIZUla8GYa428KIrQW9vMw-3D-3D\" target=\"_blank\" rel=\"noreferrer noopener\">Rechtsgutachten ver\u00f6ffentlicht<\/a>, das begr\u00fcndet, warum der Dauergaststatus des Wirtschaftsrat der CDU nicht rechtm\u00e4\u00dfig ist. Die Mitgliedschaft eines parteiexternen Verbands ist weder im Parteiengesetz noch in der CDU-Satzung vorgesehen. LobbyControl hat die Kanzlei G\u00fcnther beauftragt, das Gutachten zu erstellen.<\/p>\n\n\n\n<p>Der Wirtschaftsrat ist \u2013 anders als sein Namen vermuten l\u00e4sst \u2013 kein Parteigremium, sondern als unternehmerischer Berufsverband organisiert. Er hat keine formalen Verbindungen zur Partei CDU. Trotzdem profitiert die Pr\u00e4sidentin des Verbands von einem dauerhaften Teilnahmerecht an den Sitzungen des CDU-Bundesvorstands. LobbyControl hatte diese Konstruktion schon im M\u00e4rz 2022 in einer <a href=\"http:\/\/link.mediaoutreach.meltwater.com\/ls\/click?upn=-2FprCh-2FAN512jyLEWcQJnYoOeAdxx-2FSbbThK0wGOPOJ-2F522sM6rGOXYTUp-2F8JwRyYKEi6x0SxLfePHaLOJ9YPCvjBRwZM5I-2B-2BNaoZaQQXzU7kzFOKAAcw0p-2BVuIGu4wlcREktEk9B3w3zQgZjyufYkQ-3D-3Ddky__3mAmBavi85AeDtCCciU-2Fmi4h-2BE2CkMtT6uoTUbDsOcO1-2FCy75U6sgDPmQX9Ann3IX4eEvyrak8pASr4p97soveZRYY7v9eYn2d1LJWV-2BYFVVS2tJgzzQvEQE8WOZVTd-2BtCcl7pDY12CRe97EI5RqRoeEWT9WcSTS0y-2BpselH8x0pFwRaO1viHbmxkTXLAh8l0R5gbSaGRgOtCI6GCQFmoVv96EMzLHqGtOeho9Aaw-2BNcwRO8-2FkX3h9MIhy0pZFuukefTzqdovfmsqg-2BXVlY2DN-2BADa5BVvHCuzuqxWUm567LdADYlyoyycmAE-2BasfZPmwHaVVmUfdeslQk8-2BQLXbieaL3vy2uUITjdzzF1sMfyGYFPUAEqYPIWQ4prvUMWZRS3W70pUKHg9ggMSCCxUycg-3D-3D\" target=\"_blank\" rel=\"noreferrer noopener\">Studie<\/a> kritisiert.<\/p>\n\n\n\n<p>LobbyControl ist als Verein nicht klageberechtigt. Ein CDU-Mitglied kann aber zun\u00e4chst die Rechte auf Auskunft wahrnehmen, um dann vor das Parteigericht zu ziehen. Dazu hatte LobbyControl die CDU-Mitglieder in einem <a href=\"http:\/\/link.mediaoutreach.meltwater.com\/ls\/click?upn=-2FprCh-2FAN512jyLEWcQJnYoOeAdxx-2FSbbThK0wGOPOJ-2BNTSIwSScTc5iRvkSNZuCCfTupEHGwhMpzbBTu4c4UlH3ACrJePPDUrMPpDkCy7oMVINOZaBSlK21cq6qpjtV3AT2KrVdZLlzd7Aipvy3-2FGA-3D-3DbVqT_3mAmBavi85AeDtCCciU-2Fmi4h-2BE2CkMtT6uoTUbDsOcO1-2FCy75U6sgDPmQX9Ann3IX4eEvyrak8pASr4p97soveZRYY7v9eYn2d1LJWV-2BYFVVS2tJgzzQvEQE8WOZVTd-2BtCcl7pDY12CRe97EI5RqRoeEWT9WcSTS0y-2BpselH8x0pFwRaO1viHbmxkTXLAh8l0R5gbSaGRgOtCI6GCQFmoVv96EMzLHqGtOeho9Aaw-2BMmwftyVSAteSFJVWBUWNr-2BCMirmSiH937JCQC2krrTdmifiDfyMh4tI8e5mg-2B1G-2BkTbCL9uwYA1oOvYxIaPJMYdGft-2FQ6KIN6IcNoAVpjaO-2B2arZaKMYKtdfPeUHLCCVjrcZUhuzbnmkiK9-2FpI36nY1-2BkcCXHZesFQvRGxuOzwYA-3D-3D\" target=\"_blank\" rel=\"noreferrer noopener\">Offenen Brief<\/a> aufgefordert.<\/p>\n\n\n\n<p>Am 22. Januar findet der CDU-Parteitag statt, auf dem der designierte Parteivorsitzende Friedrich Merz offiziell zum Parteichef gew\u00e4hlt werden soll. Friedrich Merz hatte jahrelang Spitzenfunktionen im Wirtschaftsrat, sein letztes Amt als Vizepr\u00e4sident hatte er erst im November letzten Jahres abgegeben. Sein pers\u00f6nlicher Pressesprecher arbeitet gleichzeitig f\u00fcr den Wirtschaftsrat. Auf dem Parteitag soll auch der \u00fcbrige Parteivorstand neu gew\u00e4hlt werden. Die Aufnahme des Wirtschaftsrats in den Parteivorstand erfolgte \u2013 laut Auskunft eines Parteisprechers \u2013 regelm\u00e4\u00dfig auf den konstituierenden Sitzungen des Vorstands.<\/p>\n","protected":false},"excerpt":{"rendered":"<p>Berlin, 18.1.2022 &#8211; Ein von LobbyControl im Vorfeld des CDU-Parteitags vorgelegtes Rechtsgutachten hat gezeigt: Der CDU-Parteivorstand ist rechts- und satzungswidrig zusammengesetzt, weil der Lobbyverband \u201eWirtschaftsrat der CDU\u201c dauerhaft als Gast &hellip; <a href=\"https:\/\/www.schiebener.net\/wordpress\/lobbyverband-im-cdu-parteivorstand-cdu-mitglied-will-klageweg-gehen\/\" class=\"more-link\"><span class=\"screen-reader-text\">\u201eLobbyverband im CDU-Parteivorstand: CDU-Mitglied will Klageweg gehen\u201c <\/span>weiterlesen<\/a><\/p>\n","protected":false},"author":17,"featured_media":0,"comment_status":"open","ping_status":"open","sticky":false,"template":"","format":"standard","meta":{"footnotes":""},"categories":[303,24,1043,1208],"tags":[409,5724,617],"class_list":["post-51122","post","type-post","status-publish","format-standard","hentry","category-in-unserem-briefkasten","category-politik","category-pressemitteilungen","category-wirtschaft","tag-cdu","tag-lobbycontrol","tag-lobbyismus"],"_links":{"self":[{"href":"https:\/\/www.schiebener.net\/wordpress\/wp-json\/wp\/v2\/posts\/51122","targetHints":{"allow":["GET"]}}],"collection":[{"href":"https:\/\/www.schiebener.net\/wordpress\/wp-json\/wp\/v2\/posts"}],"about":[{"href":"https:\/\/www.schiebener.net\/wordpress\/wp-json\/wp\/v2\/types\/post"}],"author":[{"embeddable":true,"href":"https:\/\/www.schiebener.net\/wordpress\/wp-json\/wp\/v2\/users\/17"}],"replies":[{"embeddable":true,"href":"https:\/\/www.schiebener.net\/wordpress\/wp-json\/wp\/v2\/comments?post=51122"}],"version-history":[{"count":0,"href":"https:\/\/www.schiebener.net\/wordpress\/wp-json\/wp\/v2\/posts\/51122\/revisions"}],"wp:attachment":[{"href":"https:\/\/www.schiebener.net\/wordpress\/wp-json\/wp\/v2\/media?parent=51122"}],"wp:term":[{"taxonomy":"category","embeddable":true,"href":"https:\/\/www.schiebener.net\/wordpress\/wp-json\/wp\/v2\/categories?post=51122"},{"taxonomy":"post_tag","embeddable":true,"href":"https:\/\/www.schiebener.net\/wordpress\/wp-json\/wp\/v2\/tags?post=51122"}],"curies":[{"name":"wp","href":"https:\/\/api.w.org\/{rel}","templated":true}]}}