{"id":5109,"date":"2009-10-07T17:32:20","date_gmt":"2009-10-07T15:32:20","guid":{"rendered":"http:\/\/www.schiebener.net\/wordpress\/?p=5109"},"modified":"2009-10-07T17:34:13","modified_gmt":"2009-10-07T15:34:13","slug":"patient-spd-in-der-presse-die-letzte-glut","status":"publish","type":"post","link":"https:\/\/www.schiebener.net\/wordpress\/patient-spd-in-der-presse-die-letzte-glut\/","title":{"rendered":"Patient SPD in der Presse: Die letzte Glut"},"content":{"rendered":"<p><strong>&#8222;Die letzte Glut der SPD. Warum die Sozialdemokratie keinen neuen Vorsitzenden , sondern eine geordnete Insolvenz brauchen&#8220;<\/strong>, titelt Heribert Prantl auf der Meinungsseite der heutigen Ausgabe der S\u00fcddeutschen Zeitung, leicht ver\u00e4ndert auch <a href=\"http:\/\/www.sueddeutsche.de\/politik\/769\/490149\/text\/\" target=\"_blank\">hier im Internet<\/a> zu finden.<\/p>\n<blockquote><p>Das innerparteiliche Feuer ist erloschen. Es brennt nichts mehr in der SPD, es glimmt nur noch ein wenig. Um die k\u00fcmmerlichen Reste des alten Feuers dr\u00e4ngen sich die sogenannten Spitzen der Partei und handeln unter sich aus, wer im n\u00e4chsten Jahr in die Glut blasen soll: Sigmar Gabriel soll es jetzt sein.<\/p>\n<p>Auf den Parteitagen der SPD werden keine politischen Feuer mehr entfacht. Es sind Veranstaltungen geworden, bei denen die Kl\u00fcngeleien von F\u00fchrungskadern oder putsch\u00e4hnliche Aktionen akklamiert werden sollen: Das war vor einem Jahr so, beim Parteitag nach dem M\u00fcntefering\/Steinmeier-Putsch gegen den Vorsitzenden Kurt Beck.<\/p>\n<p>Das wird in K\u00fcrze beim Parteitag in Dresden so sein, nach der Nahles\/Gabriel-Putschelei gegen den Vorsitzenden M\u00fcntefering.<\/p><\/blockquote>\n<p>Der lakonische Beitrag Prantls ist ist nur vordergr\u00fcndig ein Abgesang auf die SPD. Er empfiehlt eine geordnete Insovenz mit Wiederauferstehungschance:<\/p>\n<blockquote><p>Vor f\u00fcnfzig Jahren beschloss die SPD ihr Godesberger Programm: Es wurde ihr nicht von der F\u00fchrung oktroyiert, es wuchs aus der Partei heraus, war Ergebnis jahrelanger Diskussionen. Der Sinn des 50. Jahrestages ist es, sich daran zu erinnern, was die SPD einst starkgemacht hat: Solidarit\u00e4t und Demokratie wagen &#8230;\u00a0 <a href=\"http:\/\/www.sueddeutsche.de\/politik\/769\/490149\/text\/\" target=\"_blank\">den ganzen Artikel von Prantl lesen<\/a><\/p><\/blockquote>\n<p><strong>&#8222;Die SPD auf dem Weg ins Nichts? Auf keinen Fall!&#8220;, kommentiert hingegen Jacques Schuster in der Welt:<\/strong><\/p>\n<blockquote><p>In Deutschland aber hat der SPD noch lange nicht die letzte Stunde geschlagen. Im Gegenteil. Trotz ihrer Wahlniederlage und des mageren Ergebnisses von 23 Prozent geht die SPD vielleicht sogar einer rosigen Zukunft entgegen. Zwei Gr\u00fcnde sprechen daf\u00fcr: erstens die allgemeinen Mehrheitsverh\u00e4ltnisse, zweitens die B\u00fcndnisoptionen.<\/p>\n<p>Wer nicht nur das Ergebnis der Bundestags-, sondern auch der Landtagswahlen betrachtet, der wird feststellen, dass die strukturelle Mehrheit aufseiten der Linken liegt. Zusammen mit der Partei Die Linke und den Gr\u00fcnen kam die SPD bei der Bundestagswahl auf \u00fcber 45 Prozent der Stimmen und damit nah an ihre Traumergebnisse aus den 70er-Jahren heran &#8230; <a href=\"http:\/\/www.welt.de\/politik\/bundestagswahl\/article4742866\/Die-SPD-auf-dem-Weg-ins-Nichts-Auf-keinen-Fall.html\" target=\"_blank\">alles lesen<\/a><\/p><\/blockquote>\n","protected":false},"excerpt":{"rendered":"<p>&#8222;Die letzte Glut der SPD. Warum die Sozialdemokratie keinen neuen Vorsitzenden , sondern eine geordnete Insolvenz brauchen&#8220;, titelt Heribert Prantl auf der Meinungsseite der heutigen Ausgabe der S\u00fcddeutschen Zeitung, leicht &hellip; <a href=\"https:\/\/www.schiebener.net\/wordpress\/patient-spd-in-der-presse-die-letzte-glut\/\" class=\"more-link\"><span class=\"screen-reader-text\">\u201ePatient SPD in der Presse: Die letzte Glut\u201c <\/span>weiterlesen<\/a><\/p>\n","protected":false},"author":3,"featured_media":0,"comment_status":"open","ping_status":"open","sticky":false,"template":"","format":"standard","meta":{"footnotes":""},"categories":[32,24],"tags":[13],"class_list":["post-5109","post","type-post","status-publish","format-standard","hentry","category-medien","category-politik","tag-spd"],"_links":{"self":[{"href":"https:\/\/www.schiebener.net\/wordpress\/wp-json\/wp\/v2\/posts\/5109","targetHints":{"allow":["GET"]}}],"collection":[{"href":"https:\/\/www.schiebener.net\/wordpress\/wp-json\/wp\/v2\/posts"}],"about":[{"href":"https:\/\/www.schiebener.net\/wordpress\/wp-json\/wp\/v2\/types\/post"}],"author":[{"embeddable":true,"href":"https:\/\/www.schiebener.net\/wordpress\/wp-json\/wp\/v2\/users\/3"}],"replies":[{"embeddable":true,"href":"https:\/\/www.schiebener.net\/wordpress\/wp-json\/wp\/v2\/comments?post=5109"}],"version-history":[{"count":0,"href":"https:\/\/www.schiebener.net\/wordpress\/wp-json\/wp\/v2\/posts\/5109\/revisions"}],"wp:attachment":[{"href":"https:\/\/www.schiebener.net\/wordpress\/wp-json\/wp\/v2\/media?parent=5109"}],"wp:term":[{"taxonomy":"category","embeddable":true,"href":"https:\/\/www.schiebener.net\/wordpress\/wp-json\/wp\/v2\/categories?post=5109"},{"taxonomy":"post_tag","embeddable":true,"href":"https:\/\/www.schiebener.net\/wordpress\/wp-json\/wp\/v2\/tags?post=5109"}],"curies":[{"name":"wp","href":"https:\/\/api.w.org\/{rel}","templated":true}]}}