{"id":51046,"date":"2022-01-09T21:27:32","date_gmt":"2022-01-09T20:27:32","guid":{"rendered":"https:\/\/www.schiebener.net\/wordpress\/?p=51046"},"modified":"2022-01-09T21:27:33","modified_gmt":"2022-01-09T20:27:33","slug":"umleitung-pandemie-und-rechtsradikale-corona-und-schule-kein-schoener-land-polizei-nutzt-luca-daten-die-daemlichste-schlagzeile-der-woche-und-mehr","status":"publish","type":"post","link":"https:\/\/www.schiebener.net\/wordpress\/umleitung-pandemie-und-rechtsradikale-corona-und-schule-kein-schoener-land-polizei-nutzt-luca-daten-die-daemlichste-schlagzeile-der-woche-und-mehr\/","title":{"rendered":"Umleitung: Pandemie und Rechtsradikale, Corona und Schule, kein sch\u00f6ner Land, Polizei nutzt Luca-Daten, die d\u00e4mlichste Schlagzeile der Woche und mehr &#8230;"},"content":{"rendered":"\n<figure class=\"wp-block-image size-large\"><img loading=\"lazy\" decoding=\"async\" width=\"1024\" height=\"671\" src=\"https:\/\/www.schiebener.net\/wordpress\/wp-content\/uploads\/2022\/01\/2022010902Dorfspaziergang-1024x671.jpg\" alt=\"\" class=\"wp-image-51047\" srcset=\"https:\/\/www.schiebener.net\/wordpress\/wp-content\/uploads\/2022\/01\/2022010902Dorfspaziergang-1024x671.jpg 1024w, https:\/\/www.schiebener.net\/wordpress\/wp-content\/uploads\/2022\/01\/2022010902Dorfspaziergang-300x196.jpg 300w, https:\/\/www.schiebener.net\/wordpress\/wp-content\/uploads\/2022\/01\/2022010902Dorfspaziergang-768x503.jpg 768w, https:\/\/www.schiebener.net\/wordpress\/wp-content\/uploads\/2022\/01\/2022010902Dorfspaziergang-1536x1006.jpg 1536w, https:\/\/www.schiebener.net\/wordpress\/wp-content\/uploads\/2022\/01\/2022010902Dorfspaziergang-1200x786.jpg 1200w, https:\/\/www.schiebener.net\/wordpress\/wp-content\/uploads\/2022\/01\/2022010902Dorfspaziergang.jpg 2048w\" sizes=\"auto, (max-width: 709px) 85vw, (max-width: 909px) 67vw, (max-width: 1362px) 62vw, 840px\" \/><figcaption>Die Temperaturen lagen heute knapp \u00fcber Null; der Schnee war schwer und matschig. (foto: zoom)<\/figcaption><\/figure>\n\n\n\n<p><strong>Proteste an Kaimauer und Waterkant:<\/strong> In Mecklenburg-Vorpommern formiert sich massiver Widerstand. Allerdings ist im Gegensatz zu anderen bundesweiten Regionen noch wenig \u00fcber Drahtzieher und Akteure bekannt. Dabei spitzt sich die Situation zu &#8230; <a href=\"https:\/\/www.bnr.de\/artikel\/aktuelle-meldungen\/proteste-an-kaimauer-und-waterkant\" target=\"_blank\" rel=\"noreferrer noopener\">blicknachrechts<\/a><\/p>\n\n\n\n<p><strong>Kein sch\u00f6ner Land \u2026\u2026\u2026. Strophe 1:<\/strong> Die Pandemie hat die Idylle Deutschland als Fata Morgana entlarvt. Vieles in der Republik l\u00e4uft schief. Die\u00a0B\u00fcrger erwarten von den 2620 Abgeordneten in Bund und L\u00e4ndern Abhilfe &#8230; <a href=\"https:\/\/post-von-horn.de\/2022\/01\/07\/kein-schoener-land-strophe-1\/\" target=\"_blank\" rel=\"noreferrer noopener\">postvonhorn<\/a><\/p>\n\n\n\n<p><strong>Corona-Pandemie und Schule:<\/strong> Das BMBF meldet sich zu Wort &#8230; <a href=\"https:\/\/scilogs.spektrum.de\/relativ-einfach\/corona-pandemie-und-schule-das-bmbf-meldet-sich-zu-wort\/\" target=\"_blank\" rel=\"noreferrer noopener\">scilogs<\/a><\/p>\n\n\n\n<p><strong>Beruhigende Nachrichten:<\/strong> So viele Dinge \u00e4ndern sich mit dem Jahreswechsel, die uns als Gesellschaft voranbringen. Benzin und Heiz\u00f6l werden teurer, das Briefporto steigt an, die Deutsche Bahn AG stellt das Nachl\u00f6sen von Tickets an Bord der Z\u00fcge ein &#8230; <a href=\"https:\/\/zynaesthesie.wordpress.com\/2022\/01\/09\/beruhigende-nachrichten\/\" target=\"_blank\" rel=\"noreferrer noopener\">zynaesthesie<\/a><\/p>\n\n\n\n<p><strong>Mainz:<\/strong> Polizei nutzte Luca-Daten von Kneipenbesuchern ohne Rechtsgrundlage &#8230; <a rel=\"noreferrer noopener\" href=\"https:\/\/netzpolitik.org\/2022\/mainz-polizei-nutzte-luca-daten-von-kneipenbesuchern-ohne-rechtsgrundlage\/\" target=\"_blank\">netzpolitik<\/a><\/p>\n\n\n\n<p><strong>Zunahme von Rechtsextremismusf\u00e4llen in Sicherheitsbeh\u00f6rden und bei Bundeswehr erwartet:<\/strong> Interview mit Verfassungsschutz-Chef Thomas Haldenwang &#8230; <a href=\"https:\/\/www.nordstadtblogger.de\/zunahme-von-rechtsextremismusfaellen-in-sicherheitsbehoerden-und-bei-bundeswehr-erwartet\/\" target=\"_blank\" rel=\"noreferrer noopener\">nordstadtblogger<\/a><\/p>\n\n\n\n<p><strong>Netzwerktechnik:<\/strong> Mal kurz was kaufen \u2013 Stefan-Edition &#8230; <a href=\"https:\/\/unkreativ.net\/mal-kurz-was-kaufen-stefan-edition\/\" target=\"_blank\" rel=\"noreferrer noopener\">unkreativ<\/a><\/p>\n\n\n\n<p><strong>Hier ist sie:<\/strong> die wohl d\u00e4mlichste Schlagzeile der Woche \u2026 <a rel=\"noreferrer noopener\" href=\"https:\/\/www.revierpassagen.de\/123013\/hier-ist-sie-die-wohl-daemlichste-schlagzeile-der-woche\/20220107_1821\" target=\"_blank\">revierpassagen<\/a><\/p>\n","protected":false},"excerpt":{"rendered":"<p>Proteste an Kaimauer und Waterkant: In Mecklenburg-Vorpommern formiert sich massiver Widerstand. Allerdings ist im Gegensatz zu anderen bundesweiten Regionen noch wenig \u00fcber Drahtzieher und Akteure bekannt. Dabei spitzt sich die &hellip; <a href=\"https:\/\/www.schiebener.net\/wordpress\/umleitung-pandemie-und-rechtsradikale-corona-und-schule-kein-schoener-land-polizei-nutzt-luca-daten-die-daemlichste-schlagzeile-der-woche-und-mehr\/\" class=\"more-link\"><span class=\"screen-reader-text\">\u201eUmleitung: Pandemie und Rechtsradikale, Corona und Schule, kein sch\u00f6ner Land, Polizei nutzt Luca-Daten, die d\u00e4mlichste Schlagzeile der Woche und mehr &#8230;\u201c <\/span>weiterlesen<\/a><\/p>\n","protected":false},"author":3,"featured_media":0,"comment_status":"open","ping_status":"open","sticky":false,"template":"","format":"standard","meta":{"footnotes":""},"categories":[3,7088,32,24,6314,2782,4761,379,8524],"tags":[8922,8830,2978,8610],"class_list":["post-51046","post","type-post","status-publish","format-standard","hentry","category-bildung-und-schule","category-gesundheit","category-medien","category-politik","category-rechtsextremismus","category-satire","category-soziales","category-umleitung","category-wissenschaft","tag-coronaleugner","tag-luca-app","tag-nazis","tag-pandemie"],"_links":{"self":[{"href":"https:\/\/www.schiebener.net\/wordpress\/wp-json\/wp\/v2\/posts\/51046","targetHints":{"allow":["GET"]}}],"collection":[{"href":"https:\/\/www.schiebener.net\/wordpress\/wp-json\/wp\/v2\/posts"}],"about":[{"href":"https:\/\/www.schiebener.net\/wordpress\/wp-json\/wp\/v2\/types\/post"}],"author":[{"embeddable":true,"href":"https:\/\/www.schiebener.net\/wordpress\/wp-json\/wp\/v2\/users\/3"}],"replies":[{"embeddable":true,"href":"https:\/\/www.schiebener.net\/wordpress\/wp-json\/wp\/v2\/comments?post=51046"}],"version-history":[{"count":0,"href":"https:\/\/www.schiebener.net\/wordpress\/wp-json\/wp\/v2\/posts\/51046\/revisions"}],"wp:attachment":[{"href":"https:\/\/www.schiebener.net\/wordpress\/wp-json\/wp\/v2\/media?parent=51046"}],"wp:term":[{"taxonomy":"category","embeddable":true,"href":"https:\/\/www.schiebener.net\/wordpress\/wp-json\/wp\/v2\/categories?post=51046"},{"taxonomy":"post_tag","embeddable":true,"href":"https:\/\/www.schiebener.net\/wordpress\/wp-json\/wp\/v2\/tags?post=51046"}],"curies":[{"name":"wp","href":"https:\/\/api.w.org\/{rel}","templated":true}]}}