{"id":50932,"date":"2021-12-26T18:57:24","date_gmt":"2021-12-26T17:57:24","guid":{"rendered":"https:\/\/www.schiebener.net\/wordpress\/?p=50932"},"modified":"2021-12-26T18:57:26","modified_gmt":"2021-12-26T17:57:26","slug":"zwischen-den-jahren","status":"publish","type":"post","link":"https:\/\/www.schiebener.net\/wordpress\/zwischen-den-jahren\/","title":{"rendered":"Zwischen den Jahren"},"content":{"rendered":"\n<div class=\"wp-block-image\"><figure class=\"aligncenter size-large is-resized\"><a href=\"https:\/\/www.schiebener.net\/wordpress\/wp-content\/uploads\/2021\/12\/2021122502Niendorf.jpg\" target=\"_blank\" rel=\"noopener\"><img decoding=\"async\" src=\"https:\/\/www.schiebener.net\/wordpress\/wp-content\/uploads\/2021\/12\/2021122502Niendorf-1024x675.jpg\" alt=\"\" class=\"wp-image-50933\" width=\"600\" srcset=\"https:\/\/www.schiebener.net\/wordpress\/wp-content\/uploads\/2021\/12\/2021122502Niendorf-1024x675.jpg 1024w, https:\/\/www.schiebener.net\/wordpress\/wp-content\/uploads\/2021\/12\/2021122502Niendorf-300x198.jpg 300w, https:\/\/www.schiebener.net\/wordpress\/wp-content\/uploads\/2021\/12\/2021122502Niendorf-768x506.jpg 768w, https:\/\/www.schiebener.net\/wordpress\/wp-content\/uploads\/2021\/12\/2021122502Niendorf-1536x1013.jpg 1536w, https:\/\/www.schiebener.net\/wordpress\/wp-content\/uploads\/2021\/12\/2021122502Niendorf-1200x791.jpg 1200w, https:\/\/www.schiebener.net\/wordpress\/wp-content\/uploads\/2021\/12\/2021122502Niendorf.jpg 2048w\" sizes=\"(max-width: 709px) 85vw, (max-width: 909px) 67vw, (max-width: 1362px) 62vw, 840px\" \/><\/a><figcaption>Kraut, Gr\u00e4ser und Abendsonne (foto: zoom)<\/figcaption><\/figure><\/div>\n\n\n\n<p><strong><a rel=\"noreferrer noopener\" href=\"https:\/\/de.wikipedia.org\/wiki\/Zwischen_den_Jahren\" target=\"_blank\">Zwischen den Jahren<\/a> bewegt sich die Zeit mal schneller, mal langsamer, vorw\u00e4rts, r\u00fcckw\u00e4rts. <\/strong><br><br>Erinnerungen, Pl\u00e4ne. Gedanken br\u00f6ckeln.<br><br>Der Film ruckelt. Stille. Die Abendsonne geht \u00fcber den Feuchtwiesen unter. Das letzte Foto (f\u00fcr heute).<br><\/p>\n","protected":false},"excerpt":{"rendered":"<p>Zwischen den Jahren bewegt sich die Zeit mal schneller, mal langsamer, vorw\u00e4rts, r\u00fcckw\u00e4rts. Erinnerungen, Pl\u00e4ne. Gedanken br\u00f6ckeln. Der Film ruckelt. Stille. Die Abendsonne geht \u00fcber den Feuchtwiesen unter. Das letzte &hellip; <a href=\"https:\/\/www.schiebener.net\/wordpress\/zwischen-den-jahren\/\" class=\"more-link\"><span class=\"screen-reader-text\">\u201eZwischen den Jahren\u201c <\/span>weiterlesen<\/a><\/p>\n","protected":false},"author":3,"featured_media":0,"comment_status":"open","ping_status":"open","sticky":false,"template":"","format":"standard","meta":{"footnotes":""},"categories":[174],"tags":[1433],"class_list":["post-50932","post","type-post","status-publish","format-standard","hentry","category-dit-und-dat","tag-fotografie"],"_links":{"self":[{"href":"https:\/\/www.schiebener.net\/wordpress\/wp-json\/wp\/v2\/posts\/50932","targetHints":{"allow":["GET"]}}],"collection":[{"href":"https:\/\/www.schiebener.net\/wordpress\/wp-json\/wp\/v2\/posts"}],"about":[{"href":"https:\/\/www.schiebener.net\/wordpress\/wp-json\/wp\/v2\/types\/post"}],"author":[{"embeddable":true,"href":"https:\/\/www.schiebener.net\/wordpress\/wp-json\/wp\/v2\/users\/3"}],"replies":[{"embeddable":true,"href":"https:\/\/www.schiebener.net\/wordpress\/wp-json\/wp\/v2\/comments?post=50932"}],"version-history":[{"count":0,"href":"https:\/\/www.schiebener.net\/wordpress\/wp-json\/wp\/v2\/posts\/50932\/revisions"}],"wp:attachment":[{"href":"https:\/\/www.schiebener.net\/wordpress\/wp-json\/wp\/v2\/media?parent=50932"}],"wp:term":[{"taxonomy":"category","embeddable":true,"href":"https:\/\/www.schiebener.net\/wordpress\/wp-json\/wp\/v2\/categories?post=50932"},{"taxonomy":"post_tag","embeddable":true,"href":"https:\/\/www.schiebener.net\/wordpress\/wp-json\/wp\/v2\/tags?post=50932"}],"curies":[{"name":"wp","href":"https:\/\/api.w.org\/{rel}","templated":true}]}}