{"id":50884,"date":"2021-12-20T17:36:36","date_gmt":"2021-12-20T16:36:36","guid":{"rendered":"https:\/\/www.schiebener.net\/wordpress\/?p=50884"},"modified":"2021-12-20T17:36:38","modified_gmt":"2021-12-20T16:36:38","slug":"umleitung-dem-ego-ist-nichts-heilig-menschenrechte-ein-kardinal-als-verschwoerungsmysthiker-click-bait-mit-neonazis-und-mehr","status":"publish","type":"post","link":"https:\/\/www.schiebener.net\/wordpress\/umleitung-dem-ego-ist-nichts-heilig-menschenrechte-ein-kardinal-als-verschwoerungsmysthiker-click-bait-mit-neonazis-und-mehr\/","title":{"rendered":"Umleitung: Dem Ego ist nichts heilig, Menschenrechte, ein Kardinal als Verschw\u00f6rungsmysthiker, Click-Bait mit Neonazis und mehr &#8230;"},"content":{"rendered":"\n<div class=\"wp-block-image\"><figure class=\"aligncenter size-large is-resized\"><a href=\"https:\/\/www.schiebener.net\/wordpress\/wp-content\/uploads\/2021\/12\/2021121901WanderungBoedefeld.jpg\" target=\"_blank\" rel=\"noopener\"><img decoding=\"async\" src=\"https:\/\/www.schiebener.net\/wordpress\/wp-content\/uploads\/2021\/12\/2021121901WanderungBoedefeld-1024x683.jpg\" alt=\"\" class=\"wp-image-50888\" width=\"600\" srcset=\"https:\/\/www.schiebener.net\/wordpress\/wp-content\/uploads\/2021\/12\/2021121901WanderungBoedefeld-1024x683.jpg 1024w, https:\/\/www.schiebener.net\/wordpress\/wp-content\/uploads\/2021\/12\/2021121901WanderungBoedefeld-300x200.jpg 300w, https:\/\/www.schiebener.net\/wordpress\/wp-content\/uploads\/2021\/12\/2021121901WanderungBoedefeld-768x512.jpg 768w, https:\/\/www.schiebener.net\/wordpress\/wp-content\/uploads\/2021\/12\/2021121901WanderungBoedefeld-1536x1024.jpg 1536w, https:\/\/www.schiebener.net\/wordpress\/wp-content\/uploads\/2021\/12\/2021121901WanderungBoedefeld-1200x800.jpg 1200w, https:\/\/www.schiebener.net\/wordpress\/wp-content\/uploads\/2021\/12\/2021121901WanderungBoedefeld.jpg 2048w\" sizes=\"(max-width: 709px) 85vw, (max-width: 909px) 67vw, (max-width: 1362px) 62vw, 840px\" \/><\/a><figcaption>Wanderung mit Abstand (foto: zoom)<\/figcaption><\/figure><\/div>\n\n\n\n<p><strong>Spiritualit\u00e4t auf Abwegen &#8211; dem Ego ist nichts heilig:<\/strong> Auch mit Yoga und Achtsamkeitsmeditation holt es sich Best\u00e4tigung. Der Psychologe Scott Barry Kaufman hat darin eine neue Form von Narzissmus entdeckt &#8230; <a rel=\"noreferrer noopener\" href=\"https:\/\/www.spektrum.de\/news\/yoga-und-meditation-ein-spiritueller-deckmantel-fuer-narzissmus\/1938055?utm_source=pocket-newtab-global-de-DE\" target=\"_blank\">spektrum<\/a><\/p>\n\n\n\n<p><strong>Menschenrechte:<\/strong> \u00c4gypten verurteilt ber\u00fchmten Blogger Alaa Abd el-Fattah zu f\u00fcnf Jahren Haft &#8230; <a href=\"https:\/\/netzpolitik.org\/2021\/menschenrechte-aegypten-verurteilt-beruehmten-blogger-alaa-abd-el-fattah-zu-fuenf-jahren-haft\/\" target=\"_blank\" rel=\"noreferrer noopener\">netzpolitik<\/a><\/p>\n\n\n\n<p><strong>Vom Vertuscher zum Verschw\u00f6rungstheoretiker:<\/strong> Kardinal M\u00fcller radikalisiert sich weiter &#8230; <a href=\"https:\/\/hpd.de\/artikel\/kardinal-mueller-radikalisiert-sich-weiter-19971\" target=\"_blank\" rel=\"noreferrer noopener\">hpd<\/a><\/p>\n\n\n\n<p><strong>Click-Bait bei \u201eRuhr24\u201c:<\/strong> W\u00e4re ein nach ihm benannter Platz nicht eine \u201esch\u00f6ne Erinnerung\u201c an einen Neonazi? &#8230; <a href=\"https:\/\/uebermedien.de\/66379\/waere-ein-nach-ihm-benannter-platz-nicht-eine-schoene-erinnerung-an-einen-neonazi\/\" target=\"_blank\" rel=\"noreferrer noopener\">uebermedien<\/a><\/p>\n\n\n\n<p><strong>Exponentielle Entwicklungen, oder:<\/strong> sich auf die einfachen pandemischen Dinge besinnen &#8230; <a href=\"https:\/\/scilogs.spektrum.de\/relativ-einfach\/exponentielle-entwicklungen-exponentielles-wachstum-oder-sich-auf-die-einfachen-pandemischen-dinge-besinnen\/\" target=\"_blank\" rel=\"noreferrer noopener\">scilogs<\/a><\/p>\n\n\n\n<p><strong>Widerstand hei\u00dft lernen und kreativ werden:<\/strong> Jugendliche aus der Nordstadt folgen den Spuren der Edelwei\u00dfpirat:innen in Dortmund &#8230; <a href=\"https:\/\/www.nordstadtblogger.de\/jugendliche-aus-der-nordstadt-folgen-den-spuren-der-edelweisspiratinnen-in-dortmund\/\" target=\"_blank\" rel=\"noreferrer noopener\">nordstadtblogger<\/a><\/p>\n\n\n\n<p><strong>Szenisch demontiert, musikalisch erh\u00f6ht:<\/strong> Mozarts r\u00f6mischer Kaiser Titus an der Rheinoper D\u00fcsseldorf &#8230; <a href=\"https:\/\/www.revierpassagen.de\/121960\/szenisch-demontiert-musikalisch-erhoeht-mozarts-roemischer-kaiser-titus-an-der-rheinoper-duesseldorf\/20211219_1127\" target=\"_blank\" rel=\"noreferrer noopener\">revierpassagen<\/a><\/p>\n\n\n\n<p><strong>Rederecht f\u00fcr Minderheiten:<\/strong> Am 08.12.2021 wurde in M\u00fcnster bei Oberverwaltungsgericht (OVG) \u00fcber eine Klage von 5 Briloner Ratsmitgliedern verhandelt, das Bedeutung auch f\u00fcr viele andere Kommunen in NRW hat &#8230; <a href=\"http:\/\/sbl-fraktion.de\/?p=10335\" target=\"_blank\" rel=\"noreferrer noopener\">sbl<\/a><\/p>\n","protected":false},"excerpt":{"rendered":"<p>Spiritualit\u00e4t auf Abwegen &#8211; dem Ego ist nichts heilig: Auch mit Yoga und Achtsamkeitsmeditation holt es sich Best\u00e4tigung. Der Psychologe Scott Barry Kaufman hat darin eine neue Form von Narzissmus &hellip; <a href=\"https:\/\/www.schiebener.net\/wordpress\/umleitung-dem-ego-ist-nichts-heilig-menschenrechte-ein-kardinal-als-verschwoerungsmysthiker-click-bait-mit-neonazis-und-mehr\/\" class=\"more-link\"><span class=\"screen-reader-text\">\u201eUmleitung: Dem Ego ist nichts heilig, Menschenrechte, ein Kardinal als Verschw\u00f6rungsmysthiker, Click-Bait mit Neonazis und mehr &#8230;\u201c <\/span>weiterlesen<\/a><\/p>\n","protected":false},"author":3,"featured_media":0,"comment_status":"open","ping_status":"open","sticky":false,"template":"","format":"standard","meta":{"footnotes":""},"categories":[6137,319,7088,674,80,32,27,7507,46,24,6314,49,379,8524],"tags":[288,6123,2501,8533,8233],"class_list":["post-50884","post","type-post","status-publish","format-standard","hentry","category-gericht","category-geschichte","category-gesundheit","category-kultur","category-lokales","category-medien","category-musik","category-nationalsozialismus","category-philosophie","category-politik","category-rechtsextremismus","category-religion","category-umleitung","category-wissenschaft","tag-blogger","tag-briloner-rat","tag-dortmund-nordstadt","tag-menschenrechte","tag-verschwoerungsmythen"],"_links":{"self":[{"href":"https:\/\/www.schiebener.net\/wordpress\/wp-json\/wp\/v2\/posts\/50884","targetHints":{"allow":["GET"]}}],"collection":[{"href":"https:\/\/www.schiebener.net\/wordpress\/wp-json\/wp\/v2\/posts"}],"about":[{"href":"https:\/\/www.schiebener.net\/wordpress\/wp-json\/wp\/v2\/types\/post"}],"author":[{"embeddable":true,"href":"https:\/\/www.schiebener.net\/wordpress\/wp-json\/wp\/v2\/users\/3"}],"replies":[{"embeddable":true,"href":"https:\/\/www.schiebener.net\/wordpress\/wp-json\/wp\/v2\/comments?post=50884"}],"version-history":[{"count":0,"href":"https:\/\/www.schiebener.net\/wordpress\/wp-json\/wp\/v2\/posts\/50884\/revisions"}],"wp:attachment":[{"href":"https:\/\/www.schiebener.net\/wordpress\/wp-json\/wp\/v2\/media?parent=50884"}],"wp:term":[{"taxonomy":"category","embeddable":true,"href":"https:\/\/www.schiebener.net\/wordpress\/wp-json\/wp\/v2\/categories?post=50884"},{"taxonomy":"post_tag","embeddable":true,"href":"https:\/\/www.schiebener.net\/wordpress\/wp-json\/wp\/v2\/tags?post=50884"}],"curies":[{"name":"wp","href":"https:\/\/api.w.org\/{rel}","templated":true}]}}