{"id":50858,"date":"2021-12-19T16:45:10","date_gmt":"2021-12-19T15:45:10","guid":{"rendered":"https:\/\/www.schiebener.net\/wordpress\/?p=50858"},"modified":"2021-12-19T16:45:12","modified_gmt":"2021-12-19T15:45:12","slug":"paderborner-hirten-unter-hitlerdas-folgenreiche-aufklaerungsbuch-von-wolfgang-stueken-ist-als-neuedition-der-reihe-kirche-weltkrieg-endlich-wieder-im-buchhandel","status":"publish","type":"post","link":"https:\/\/www.schiebener.net\/wordpress\/paderborner-hirten-unter-hitlerdas-folgenreiche-aufklaerungsbuch-von-wolfgang-stueken-ist-als-neuedition-der-reihe-kirche-weltkrieg-endlich-wieder-im-buchhandel\/","title":{"rendered":"Paderborner \u201eHirten unter Hitler\u201c<div><small>Das folgenreiche Aufkl\u00e4rungsbuch von Wolfgang St\u00fcken ist als Neuedition der Reihe \u201eKirche &#038; Weltkrieg\u201c endlich wieder im Buchhandel<\/small><\/div>"},"content":{"rendered":"\n<div class=\"wp-block-image\"><figure class=\"aligncenter size-large is-resized\"><a href=\"https:\/\/www.schiebener.net\/wordpress\/wp-content\/uploads\/2021\/12\/Cover_stueken_HIRTENklein.jpg\" target=\"_blank\" rel=\"noopener\"><img decoding=\"async\" src=\"https:\/\/www.schiebener.net\/wordpress\/wp-content\/uploads\/2021\/12\/Cover_stueken_HIRTENklein-722x1024.jpg\" alt=\"\" class=\"wp-image-50859\" width=\"600\" srcset=\"https:\/\/www.schiebener.net\/wordpress\/wp-content\/uploads\/2021\/12\/Cover_stueken_HIRTENklein-722x1024.jpg 722w, https:\/\/www.schiebener.net\/wordpress\/wp-content\/uploads\/2021\/12\/Cover_stueken_HIRTENklein-211x300.jpg 211w, https:\/\/www.schiebener.net\/wordpress\/wp-content\/uploads\/2021\/12\/Cover_stueken_HIRTENklein-768x1090.jpg 768w, https:\/\/www.schiebener.net\/wordpress\/wp-content\/uploads\/2021\/12\/Cover_stueken_HIRTENklein.jpg 1024w\" sizes=\"(max-width: 709px) 85vw, (max-width: 909px) 67vw, (max-width: 984px) 61vw, (max-width: 1362px) 45vw, 600px\" \/><\/a><figcaption>Buchcover: Wolfgang St\u00fcken, Hirten unter Hitler<\/figcaption><\/figure><\/div>\n\n\n\n<p><strong>Nach dem Zweiten Weltkrieg zeigte sich die erzbisch\u00f6fliche Kirchenleitung in Paderborn jahrzehntelang immun gegen\u00fcber Kritik an ihrem Verhalten in der NS-Zeit. Den harten Panzer des Schweige-, Vertuschungs- und Besch\u00f6nigungskomplexes hat kein Theologe oder Historiker, sondern ein katholischer Journalist aufgebrochen<\/strong>. <br><br><em>(Presseinformation \u201eedition kirche &amp; weltkrieg\u201c, 18.12.)<\/em><\/p>\n\n\n\n<p>Jetzt liegt eine \u2013 unter Mitarbeit von Bodo Bischof betreute \u2013 Neuauflage des lange vergriffenen Werkes (Erstauflage 1999) vor:<\/p>\n\n\n\n<p> Wolfgang St\u00fcken: <em>Hirten unter Hitler<\/em>.<br>Die Rolle der Paderborner Erzbisch\u00f6fe Caspar Klein und Lorenz Jaeger in der NS-Zeit <strong>(<\/strong>Kirche &amp; Weltkrieg \u2013 Band 12). Norderstedt: BoD 2021.<br>ISBN: 978-3-7557-6020-7 <span><a href=\"javascript:\"><img decoding=\"async\" identifier=\"978-3-7557-6020-7\" identifiertype=\"2\" title=\"Titel anhand dieser ISBN in Citavi-Projekt \u00fcbernehmen\" existsinproject=\"0\" class=\"citavipicker\" src=\"data:image\/svg+xml;base64,PD94bWwgdmVyc2lvbj0iMS4wIiBlbmNvZGluZz0idXRmLTgiPz48IURPQ1RZUEUgc3ZnIFBVQkxJQyAiLS8vVzNDLy9EVEQgU1ZHIDEuMS8vRU4iICJodHRwOi8vd3d3LnczLm9yZy9HcmFwaGljcy9TVkcvMS4xL0RURC9zdmcxMS5kdGQiPjxzdmcgdmVyc2lvbj0iMS4xIiBpZD0iRWJlbmVfMSIgeG1sbnM9Imh0dHA6Ly93d3cudzMub3JnLzIwMDAvc3ZnIiB4bWxuczp4bGluaz0iaHR0cDovL3d3dy53My5vcmcvMTk5OS94bGluayIgeD0iMHB4IiB5PSIwcHgiIHdpZHRoPSIxNnB4IiBoZWlnaHQ9IjE2cHgiIHZpZXdCb3g9IjAgMCAxNiAxNiIgZW5hYmxlLWJhY2tncm91bmQ9Im5ldyAwIDAgMTYgMTYiIHhtbDpzcGFjZT0icHJlc2VydmUiPjxnPjxnPjxwYXRoIGZpbGw9IiNGRkZGRkYiIGQ9Ik04LjAwMSwxNS41QzMuODY0LDE1LjUsMC41LDEyLjEzNiwwLjUsOGMwLTQuMTM1LDMuMzY1LTcuNSw3LjUwMS03LjVTMTUuNSwzLjg2NCwxNS41LDhTMTIuMTM3LDE1LjUsOC4wMDEsMTUuNXoiLz48cGF0aCBmaWxsPSIjRDUyQjFFIiBkPSJNOC4wMDEsMUMxMS44NiwxLDE1LDQuMTQxLDE1LDhzLTMuMTM5LDctNi45OTksN0M0LjE0LDE1LDEsMTEuODU5LDEsOFM0LjE0LDEsOC4wMDEsMSBNOC4wMDEsMEMzLjU4MiwwLDAsMy41ODIsMCw4czMuNTgyLDgsOC4wMDEsOEMxMi40MTgsMTYsMTYsMTIuNDE4LDE2LDhTMTIuNDE4LDAsOC4wMDEsMEw4LjAwMSwweiIvPjwvZz48cGF0aCBmaWxsPSIjRDUyQjFFIiBkPSJNNi43NDUsMTIuNTg5Yy0wLjIyNywwLjEyMi0wLjQ5NywwLjI0Ny0wLjY4NCwwLjI0N2MtMC4zMTgsMC0wLjUwMS0wLjE2NC0wLjUwMS0wLjQ1MmMwLTAuMjA3LDAuMTQtMC4zNzUsMC41OTUtMC42MjJjMS41NDktMC45MDQsMi41OTQtMi4yNzIsMi41OTQtMy43MjFjMC0wLjgyNS0wLjIyNy0xLjExOS0wLjY4MS0xLjExOWMtMC4xMzUsMC0wLjMyLDAuMjE5LTAuNjM2LDAuMjE5SDcuMTU3QzYuMTAyLDcuMTQzLDUuMzMzLDYuMjY0LDUuMzMzLDUuMjNjMC0xLjE1MiwwLjk1OC0yLjAwNiwyLjI4LTIuMDA2YzEuNzc3LDAsMy4wNTMsMS4zNzMsMy4wNTMsMy40M0MxMC42NjYsOS4yMTUsOS4yMDMsMTEuMjcsNi43NDUsMTIuNTg5Ii8+PC9nPjwvc3ZnPg\" style=\"border: 0px none!important;width: 16px!important;height: 16px!important;margin-left:1px !important;margin-right:1px !important;\"><\/a><\/span> (Seitenzahl 424; Paperback; Preis 13,90)<br>\u00dcberall im Handel bestellbar; oder direkt hier (mit Leseprobe von Inhalt und Einleitung oben links):<br><a rel=\"noreferrer noopener\" href=\"https:\/\/www.bod.de\/buchshop\/hirten-unter-hitler-wolfgang-stueken-9783755760207\" target=\"_blank\">https:\/\/www.bod.de\/buchshop\/hirten-unter-hitler-wolfgang-stueken-9783755760207<\/a><br><br><strong>Zu dieser Neu-Edition 2021:<br><\/strong>In Sachen Hitler wurde von den Paderborner Erzbisch\u00f6fen gern Gott bem\u00fcht. Die Tr\u00e4ger von Staats- und Kirchengewalt seien &#8222;Stellvertreter und Bevollm\u00e4chtigte Gottes&#8220; und &#8222;gottgesetzte Autorit\u00e4ten&#8220;, predigte Caspar Klein 1934 den mehr als 1,5 Millionen Katholiken seiner Di\u00f6zese. &#8222;Vorw\u00e4rts im Namen des Herrn!&#8220; lautete die Parole, die Klein Anfang 1940, nach Hitlers \u00dcberfall auf Polen, an seine zur Wehrmacht einberufenen Priester und Theologiestudenten ausgab. Und: &#8222;Wer in einem Kriege pflichtm\u00e4\u00dfig die Waffen tr\u00e4gt, ist eingef\u00fcgt in die Pl\u00e4ne des allm\u00e4chtigen, allweisen und allg\u00fctigen V\u00f6lkerlenkers.&#8220;<br><br>Als Hitlers Reich in Tr\u00fcmmern lag, berief sich der Paderborner Oberhirte &#8211; nun war es Kleins Nachfolger Lorenz Jaeger &#8211; erneut auf Gott. &#8222;Wie einst dem Moses unter Blitz und Donner auf dem Berge Sinai das Gesetz Gottes gegeben wurde, so verk\u00fcndete uns Gott im Krachen der Bomben und der Granaten, was sein heiliger Wille ist.&#8220; Der von Hitler angezettelte Krieg mit seinen Millionen Toten &#8211; f\u00fcr Jaeger waren es &#8222;unvergessliche Exerzitien, die unser Herr und Gott selbst uns hielt&#8220;. Wer solche Deutungen von den Kanzeln verlesen lie\u00df, dem stellte sich die Frage nach eigener Verantwortung und Kriegsbeihilfe nicht.<br><br>Im Jubil\u00e4umsjahr 1999 der Kirche von Paderborn &#8211; 1200 Jahre Bistum &#8211; legte der Journalist Wolfgang St\u00fcken (Jg. 1953) seine Recherchen \u00fcber die Rolle der beiden Paderborner Erzbisch\u00f6fe in der NS-Zeit vor. Sein folgenschweres Buch &#8222;Hirten unter Hitler&#8220; hat den Boden f\u00fcr eine kritische Sichtweise grundgelegt. Es wird durch diese Neuedition &#8211; nebst einem einleitenden \u00dcberblick zum Debattenstand nach zwei Jahrzehnten &#8211; wieder zug\u00e4nglich gemacht.<br>(Kirche &amp; Weltkrieg \u2013 Band 12; <a rel=\"noreferrer noopener\" href=\"https:\/\/kircheundweltkrieg.wordpress.com\/\" target=\"_blank\">https:\/\/kircheundweltkrieg.wordpress.com\/<\/a> )<br><br><strong>Zum Autor:<br><\/strong>Wolfgang St\u00fcken<em>, <\/em>geboren 1953 in Hamm, im Sauerland aufgewachsen, lebt und arbeitet als Journalist in Paderborn, 1975-2013 Redakteur der Tageszeitung &#8222;Neue Westf\u00e4lische&#8220;, 1999 Ver\u00f6ffentlichung des Buches &#8222;Hirten unter Hitler&#8220;, in der Heimatzeitschrift &#8222;Warte&#8220; u.a. Publikationen zum gr\u00f6\u00dften Fest des Erzbistums Paderborn w\u00e4hrend des Dritten Reiches und zur NS-Vergangenheit des fr\u00fcheren Paderborner Stadtdirektors Wilhelm Sasse sowie des K\u00fcnstlers Josef Dominicus, Mitarbeit am Buchprojekt &#8222;F\u00fcr ein erneuertes Verh\u00e4ltnis von Christen und Juden&#8220; zum 25j\u00e4hrigen Bestehen der Gesellschaft f\u00fcr Christlich-J\u00fcdische Zusammenarbeit Paderborn (2012); als Vorstandsmitglied des Deutsch-Amerikanischen Freundeskreises Paderborn-Belleville Mitherausgeber und einer der Autoren des Sammelbandes: &#8222;Auf nach Amerika!&#8220; Band 3: Zur Amerika-Auswanderung im 19. Jahrhundert (2008). Zahlreiche Vortr\u00e4ge und Ver\u00f6ffentlichungen, u.a. zum Chicagoer Erzbischof Kardinal George William Mundelein (1872-1939), der Nachfahre eines Paderborner Auswanderers war und 1937 in einer Aufsehen erregenden Rede Hitler einen &#8222;schlechten Tapezierer&#8220; nannte. 2020\/2021 mehrere Zeitschriftenartikel zu einem Paderborner Wahrzeichen, dem f\u00fcnf Jahrhunderte alten &#8222;Drei-Hasen-Fenster&#8220; im Dom-Kreuzgang.<\/p>\n","protected":false},"excerpt":{"rendered":"<p>Nach dem Zweiten Weltkrieg zeigte sich die erzbisch\u00f6fliche Kirchenleitung in Paderborn jahrzehntelang immun gegen\u00fcber Kritik an ihrem Verhalten in der NS-Zeit. Den harten Panzer des Schweige-, Vertuschungs- und Besch\u00f6nigungskomplexes hat &hellip; <a href=\"https:\/\/www.schiebener.net\/wordpress\/paderborner-hirten-unter-hitlerdas-folgenreiche-aufklaerungsbuch-von-wolfgang-stueken-ist-als-neuedition-der-reihe-kirche-weltkrieg-endlich-wieder-im-buchhandel\/\" class=\"more-link\"><span class=\"screen-reader-text\">\u201ePaderborner \u201eHirten unter Hitler\u201c<\/p>\n<div><small>Das folgenreiche Aufkl\u00e4rungsbuch von Wolfgang St\u00fcken ist als Neuedition der Reihe \u201eKirche &#038; Weltkrieg\u201c endlich wieder im Buchhandel<\/small><\/div>\n<p>\u201c <\/span>weiterlesen<\/a><\/p>\n","protected":false},"author":17,"featured_media":0,"comment_status":"open","ping_status":"open","sticky":false,"template":"","format":"standard","meta":{"footnotes":""},"categories":[218,319,303,80,7507,1043],"tags":[8938,5655,1119,8939],"class_list":["post-50858","post","type-post","status-publish","format-standard","hentry","category-bucher","category-geschichte","category-in-unserem-briefkasten","category-lokales","category-nationalsozialismus","category-pressemitteilungen","tag-erzbischof-caspar-klein","tag-erzbischof-lorenz-jaeger","tag-paderborn","tag-wolfgang-stueken"],"_links":{"self":[{"href":"https:\/\/www.schiebener.net\/wordpress\/wp-json\/wp\/v2\/posts\/50858","targetHints":{"allow":["GET"]}}],"collection":[{"href":"https:\/\/www.schiebener.net\/wordpress\/wp-json\/wp\/v2\/posts"}],"about":[{"href":"https:\/\/www.schiebener.net\/wordpress\/wp-json\/wp\/v2\/types\/post"}],"author":[{"embeddable":true,"href":"https:\/\/www.schiebener.net\/wordpress\/wp-json\/wp\/v2\/users\/17"}],"replies":[{"embeddable":true,"href":"https:\/\/www.schiebener.net\/wordpress\/wp-json\/wp\/v2\/comments?post=50858"}],"version-history":[{"count":0,"href":"https:\/\/www.schiebener.net\/wordpress\/wp-json\/wp\/v2\/posts\/50858\/revisions"}],"wp:attachment":[{"href":"https:\/\/www.schiebener.net\/wordpress\/wp-json\/wp\/v2\/media?parent=50858"}],"wp:term":[{"taxonomy":"category","embeddable":true,"href":"https:\/\/www.schiebener.net\/wordpress\/wp-json\/wp\/v2\/categories?post=50858"},{"taxonomy":"post_tag","embeddable":true,"href":"https:\/\/www.schiebener.net\/wordpress\/wp-json\/wp\/v2\/tags?post=50858"}],"curies":[{"name":"wp","href":"https:\/\/api.w.org\/{rel}","templated":true}]}}