{"id":50752,"date":"2021-12-10T15:21:11","date_gmt":"2021-12-10T14:21:11","guid":{"rendered":"https:\/\/www.schiebener.net\/wordpress\/?p=50752"},"modified":"2021-12-10T15:21:13","modified_gmt":"2021-12-10T14:21:13","slug":"corona-virus-49-neuinfizierte-47-genesene-40-stationaer-45-schulen-und-zwoelf-kindertagesstaetten-betroffen","status":"publish","type":"post","link":"https:\/\/www.schiebener.net\/wordpress\/corona-virus-49-neuinfizierte-47-genesene-40-stationaer-45-schulen-und-zwoelf-kindertagesstaetten-betroffen\/","title":{"rendered":"Corona-Virus: 49 Neuinfizierte, 47 Genesene, 40 station\u00e4r. 45 Schulen und zw\u00f6lf Kindertagesst\u00e4tten betroffen."},"content":{"rendered":"\n<div class=\"wp-block-image\"><figure class=\"alignleft size-full\"><img loading=\"lazy\" decoding=\"async\" width=\"120\" height=\"91\" src=\"https:\/\/www.schiebener.net\/wordpress\/wp-content\/uploads\/2009\/02\/lt_briefkasten01.jpg\" alt=\"In unserem Briefkasten\" class=\"wp-image-2182\"\/><\/figure><\/div>\n\n\n\n<p><strong>Mit Stand von Freitag, 10. Dezember, 9 Uhr, gibt es im Hochsauerlandkreis kreisweit 49 Neuinfizierte und 47 Genesene. Die 7-Tage-Inzidenz betr\u00e4gt 190,7 (Stand 10. Dezember, 0 Uhr).<\/strong><\/p>\n\n\n\n<p>Die Statistik weist damit 776 Infizierte, 13.022 Genesene, sowie 221 Sterbef\u00e4lle in Verbindung mit einer Corona-Infektion aus. Station\u00e4r werden 40 Personen im Krankenhaus behandelt, zw\u00f6lf intensivmedizinisch und davon werden sieben Personen beatmet. Die Zahl aller best\u00e4tigten F\u00e4lle betr\u00e4gt nun 14.019.<\/p>\n\n\n\n<p>Vom Infektionsgeschehen sind aktuell zwei Krankenh\u00e4user, drei Pflegeeinrichtungen, f\u00fcnf Einrichtungen der Eingliederungshilfe, vier soziale bzw. medizinische Einrichtungen, 45 Schulen und zw\u00f6lf Kindertagesst\u00e4tten betroffen.<br><br>Alle 776 infizierten Personen verteilen sich insgesamt wie folgt auf die St\u00e4dte und Gemeinden: Arnsberg (216), Bestwig (21), Brilon (126), Eslohe (13), Hallenberg (9), Marsberg (101), Medebach (8), Meschede (56), Olsberg (66), Schmallenberg (69), Sundern (62) und Winterberg (29).<\/p>\n","protected":false},"excerpt":{"rendered":"<p>Mit Stand von Freitag, 10. Dezember, 9 Uhr, gibt es im Hochsauerlandkreis kreisweit 49 Neuinfizierte und 47 Genesene. Die 7-Tage-Inzidenz betr\u00e4gt 190,7 (Stand 10. Dezember, 0 Uhr). Die Statistik weist &hellip; <a href=\"https:\/\/www.schiebener.net\/wordpress\/corona-virus-49-neuinfizierte-47-genesene-40-stationaer-45-schulen-und-zwoelf-kindertagesstaetten-betroffen\/\" class=\"more-link\"><span class=\"screen-reader-text\">\u201eCorona-Virus: 49 Neuinfizierte, 47 Genesene, 40 station\u00e4r. 45 Schulen und zw\u00f6lf Kindertagesst\u00e4tten betroffen.\u201c <\/span>weiterlesen<\/a><\/p>\n","protected":false},"author":17,"featured_media":0,"comment_status":"open","ping_status":"open","sticky":false,"template":"","format":"standard","meta":{"footnotes":""},"categories":[7088,303,80,1043],"tags":[8645,8580,835,8610],"class_list":["post-50752","post","type-post","status-publish","format-standard","hentry","category-gesundheit","category-in-unserem-briefkasten","category-lokales","category-pressemitteilungen","tag-corona-krise","tag-covid-19","tag-hochsauerlandkreis","tag-pandemie"],"_links":{"self":[{"href":"https:\/\/www.schiebener.net\/wordpress\/wp-json\/wp\/v2\/posts\/50752","targetHints":{"allow":["GET"]}}],"collection":[{"href":"https:\/\/www.schiebener.net\/wordpress\/wp-json\/wp\/v2\/posts"}],"about":[{"href":"https:\/\/www.schiebener.net\/wordpress\/wp-json\/wp\/v2\/types\/post"}],"author":[{"embeddable":true,"href":"https:\/\/www.schiebener.net\/wordpress\/wp-json\/wp\/v2\/users\/17"}],"replies":[{"embeddable":true,"href":"https:\/\/www.schiebener.net\/wordpress\/wp-json\/wp\/v2\/comments?post=50752"}],"version-history":[{"count":0,"href":"https:\/\/www.schiebener.net\/wordpress\/wp-json\/wp\/v2\/posts\/50752\/revisions"}],"wp:attachment":[{"href":"https:\/\/www.schiebener.net\/wordpress\/wp-json\/wp\/v2\/media?parent=50752"}],"wp:term":[{"taxonomy":"category","embeddable":true,"href":"https:\/\/www.schiebener.net\/wordpress\/wp-json\/wp\/v2\/categories?post=50752"},{"taxonomy":"post_tag","embeddable":true,"href":"https:\/\/www.schiebener.net\/wordpress\/wp-json\/wp\/v2\/tags?post=50752"}],"curies":[{"name":"wp","href":"https:\/\/api.w.org\/{rel}","templated":true}]}}