{"id":50689,"date":"2021-12-01T20:37:04","date_gmt":"2021-12-01T19:37:04","guid":{"rendered":"https:\/\/www.schiebener.net\/wordpress\/?p=50689"},"modified":"2021-12-01T20:37:06","modified_gmt":"2021-12-01T19:37:06","slug":"mathe-global-denken-mit-den-mathe-wichteln-die-welt-erkundenspielstart-der-mathe-adventskalender-am-1-dezember-2021","status":"publish","type":"post","link":"https:\/\/www.schiebener.net\/wordpress\/mathe-global-denken-mit-den-mathe-wichteln-die-welt-erkundenspielstart-der-mathe-adventskalender-am-1-dezember-2021\/","title":{"rendered":"\u201eMathe global denken &#8211; Mit den Mathe-Wichteln die Welt erkunden!&#8220;<br>Spielstart der Mathe-Adventskalender am 1. Dezember 2021"},"content":{"rendered":"\n<div class=\"wp-block-image\"><figure class=\"aligncenter size-full\"><img loading=\"lazy\" decoding=\"async\" width=\"600\" height=\"264\" src=\"https:\/\/www.schiebener.net\/wordpress\/wp-content\/uploads\/2021\/12\/20211201MiA.jpg\" alt=\"\" class=\"wp-image-50690\" srcset=\"https:\/\/www.schiebener.net\/wordpress\/wp-content\/uploads\/2021\/12\/20211201MiA.jpg 600w, https:\/\/www.schiebener.net\/wordpress\/wp-content\/uploads\/2021\/12\/20211201MiA-300x132.jpg 300w\" sizes=\"auto, (max-width: 709px) 85vw, (max-width: 909px) 67vw, (max-width: 984px) 61vw, (max-width: 1362px) 45vw, 600px\" \/><figcaption>Das Wettbewerbslogo<\/figcaption><\/figure><\/div>\n\n\n\n<p><strong>Wer m\u00f6chte nicht gerne um die Welt reisen und erleben, was unser Planet zu bieten hat? Die Mathe-Wichtel sind jedenfalls neugierig und ziehen los, um die Welt in ihrer gro\u00dfen Vielfalt zu erkunden. Ob W\u00fcste, Steppe, Polarkreis, Gebirge oder Gro\u00dfst\u00e4dte \u2013 \u00fcberall treffen sie auf Herausforderungen, wie den Klimawandel, nachhaltige Mobilit\u00e4t oder unsere Gesundheit.<\/strong> <br><br>Sie erleben, wie man mit Mathematik die Komplexit\u00e4t unserer Welt beschreiben und gesellschaftliche Fragestellungen untersuchen kann. Was sie dabei entdecken, k\u00f6nnen Sch\u00fcler*innen, Lehrkr\u00e4fte und alle Interessierten ab dem 1. Dezember wieder mit den beliebten, digitalen Mathe-Adventskalendern herausfinden. Die t\u00e4glichen Mathe-R\u00e4tsel aus der weihnachtlichen Welt der Wichtel garantieren Spa\u00df am Knobeln, Entdecken und Erforschen.<\/p>\n\n\n\n<p>Deshalb lautet das diesj\u00e4hrige Motto der Mathe-Adventskalender auch<br><strong>\u201eMathe global denken &#8211; Mit den Mathe-Wichteln die Welt erkunden!&#8220;<\/strong><\/p>\n\n\n\n<p>Auf <a href=\"http:\/\/www.mathekalender.de\" target=\"_blank\" rel=\"noreferrer noopener\">www.mathekalender.de<\/a> laden die digitalen Mathe-Adventskalender von \u201eMathe im Leben\u201c und vom Forschungszentrum der Berliner Mathematik MATH+ vom 1. bis 24. Dezember dazu ein, die verschiedensten Bereiche der Mathematik auf ihrer Weltreise zu entdecken.<br><br>Spannende und knifflige mathematische Herausforderungen, h\u00fcbsch verpackt in weihnachtliche Geschichten, geben t\u00e4glich Einblicke in sinnvolle Anwendungen und aktuelle Forschungsthemen der Mathematik. Sie zeigen: Mathematik ist mehr als Rechnen!<br><br>Auch in diesem Jahr gibt es wieder tolle Preise f\u00fcr Einzelspielerinnen, Klassen, Kurse und Schulen zu gewinnen. <br><br>Die Mathe-Adventskalender stehen unter der Schirmherrschaft der Bundesministerin f\u00fcr Bildung und Forschung. Die gesch\u00e4ftsf\u00fchrende Ministerin Anja Karliczek betont die Bedeutung des Wettbewerbs, der j\u00e4hrlich \u00fcber 170.000 Sch\u00fclerinnen sowie 15.000 Erwachsene aus 55 L\u00e4ndern begeistert: \u201eIch freue mich sehr, dass die Mathe-Adventskalender jedes Jahr so viele Sch\u00fclerinnen und Sch\u00fcler zur Besch\u00e4ftigung mit Mathematik motivieren und herausfordern. Denn es ist f\u00fcr unser Land sehr wichtig, dass wir junge Menschen  f\u00fcr MINT-F\u00e4cher gewinnen. Ich w\u00fcnsche den Mathekalendern viel Erfolg, spannende Aufgaben und viele neugierige und aktive Teilnehmerinnen und Teilnehmer.\u201d<\/p>\n\n\n\n<ul class=\"wp-block-list\"><li>\u00ad<strong>Mathe im Advent<\/strong> ist ein Breitenwettbewerb f\u00fcr Sch\u00fclerinnen der Grund- und Mittelstufe aller Schulformen und Leistungsniveaus. Die Wichtel-Geschichten f\u00f6rdern mathematisches Entdecken, logisches Denken, Kreativit\u00e4t und bereiten viel Spa\u00df. Neben dem Einzelspiel, in dem jeder f\u00fcr sich selbst knobelt, f\u00f6rdert das Klassenspiel das Probleml\u00f6sen, mathematisches Kommunizieren sowie das Argumentieren im Klassenverband.<br><\/li><li>\u00adDer <strong>MATH+ Adventskalender<\/strong> richtet sich an pfiffige Sch\u00fclerinnen ab der 10. Klasse und interessierte Erwachsene. Die 24 kniffeligen Aufgaben des MATH+ Kalenders werden von den Wissenschaftlerinnen des Exzellenzclusters MATH+ in Berlin und ihren niederl\u00e4ndischen Kolleginnen entwickelt. Sie erm\u00f6glichen faszinierende Einblicke in die aktuelle anwendungsorientierte Mathematikforschung und den Berufsalltag von Mathematikerinnen.<\/li><\/ul>\n\n\n\n<p><strong>Mathe im Advent<\/strong> wird von der Mathe im Leben gemeinn\u00fctzige GmbH in Kooperation mit der Deutschen Mathematiker-Vereinigung ausgerichtet. Hauptf\u00f6rderer des bundesweiten Sch\u00fclerwettbewerbs \u201eMathe im Advent\u201c sind die Gisela und Erwin Sick Stiftung sowie die Klaus Tschira Stiftung. In vielen Regionen wird das kostenpflichtige Klassenspiel an Schulen durch Regionalf\u00f6rderer erm\u00f6glicht, wie z. B. im Regierungsbezirk Freiburg (Gisela und Erwin Sick Stiftung), in den Stadtteilen Berlin-Neuk\u00f6lln &amp; M\u00e4rkisches Viertel (Berliner helfen e.V. &#8211; eine Initiative der Berliner Morgenpost) und im Kreis Lippe (Lippeimpuls &#8211; Stiftung Standortsicherung Kreis Lippe). 2021 gibt es vier neue Regionalf\u00f6rderungen, und zwar im gesamten Bundesland Bremen (Thermo Fisher Scientific) sowie in der Stadt und dem Landkreis Bayreuth (Bayreuther Sparkasse), in Leverkusen (B\u00fcrgerstiftung Leverkusen) und in 20 Schulen der Region Trier (Nikolaus Koch Stiftung).<\/p>\n\n\n\n<p>Der <strong>MATH+ Adventskalender<\/strong> ist ein Projekt des Forschungszentrums der Berliner Mathematik MATH+ in Kooperation mit der niederl\u00e4ndischen Mathematik-Initiative 4TU.AMI. MATH+ ist der gemeinsame Exzellenzcluster der drei Berliner Universit\u00e4ten FU, HU, TU und der beiden mathematischen Forschungsinstitute WIAS und ZIB.<\/p>\n\n\n\n<p><strong>Nachdem die Preisverleihung leider im letzten Jahr ausfallen musste, hoffen wir sehr darauf, die Gewinner*innen der Mathe-Adventskalender 2021 am 11. Februar 2022 in Berlin begr\u00fc\u00dfen zu k\u00f6nnen.<\/strong><\/p>\n\n\n\n<p><strong>Daten\u00fcbersicht zu den digitalen Mathe-Adventskalendern 2021<\/strong><br><br><strong>Registrierung:<\/strong> <br>seit 1. November 2021 (weiterhin m\u00f6glich)<br><br><strong>Spielphase:<\/strong><br>&#8211; 27. Dezember 2021 (Mathe im Advent)<br>&#8211; 31. Dezember 2021 (MATH+ Adventskalender)<br><br><strong>Preisverleihung:<\/strong> <br>Februar 2022 an der Freien Universit\u00e4t Berlin<\/p>\n\n\n\n<p><strong>Weitere Informationen<\/strong><\/p>\n\n\n\n<p><br><strong>Webseiten:<\/strong><br><a rel=\"noreferrer noopener\" href=\"https:\/\/www.mathe-im-advent.de\/de\/\" target=\"_blank\">https:\/\/www.mathe-im-advent.de\/de\/<\/a><br><a rel=\"noreferrer noopener\" href=\"https:\/\/www.mathekalender.de\/\" target=\"_blank\">https:\/\/www.mathekalender.de\/<\/a><br><a rel=\"noreferrer noopener\" href=\"https:\/\/www.mathe-im-leben.de\/\" target=\"_blank\">https:\/\/www.mathe-im-leben.de\/<\/a><br><a rel=\"noreferrer noopener\" href=\"https:\/\/mathplus.de\/outreach\/math-calendar\/\" target=\"_blank\">https:\/\/mathplus.de\/outreach\/math-calendar\/<\/a><br><strong>Facebook:<\/strong><br><a rel=\"noreferrer noopener\" href=\"https:\/\/www.facebook.com\/matheimadvent\" target=\"_blank\">https:\/\/www.facebook.com\/matheimadvent<\/a><br><a rel=\"noreferrer noopener\" href=\"https:\/\/www.facebook.com\/matheimleben\/\" target=\"_blank\">https:\/\/www.facebook.com\/matheimleben\/<\/a><br><a rel=\"noreferrer noopener\" href=\"https:\/\/www.facebook.com\/Mathekalender\" target=\"_blank\">https:\/\/www.facebook.com\/Mathekalender<\/a><br><a rel=\"noreferrer noopener\" href=\"https:\/\/www.facebook.com\/exzellenzclustermathplus\/\" target=\"_blank\">https:\/\/www.facebook.com\/exzellenzclustermathplus\/<\/a><br><strong>Instagram:<\/strong><br><a rel=\"noreferrer noopener\" href=\"https:\/\/www.instagram.com\/mathe_im_advent\/\" target=\"_blank\">https:\/\/www.instagram.com\/mathe_im_advent\/<\/a><br><a rel=\"noreferrer noopener\" href=\"https:\/\/www.instagram.com\/mathe_im_advent\/\" target=\"_blank\">https:\/\/www.instagram.com\/mathe_im_advent\/<\/a><br><strong>Twitter:<\/strong><br><a rel=\"noreferrer noopener\" href=\"https:\/\/twitter.com\/mathe_im_leben\" target=\"_blank\">https:\/\/twitter.com\/mathe_im_leben<\/a><br><a rel=\"noreferrer noopener\" href=\"https:\/\/twitter.com\/mathplus_school\" target=\"_blank\">https:\/\/twitter.com\/mathplus_school<\/a><br><a rel=\"noreferrer noopener\" href=\"https:\/\/twitter.com\/mathplusberlin\" target=\"_blank\">https:\/\/twitter.com\/mathplusberlin<\/a><\/p>\n","protected":false},"excerpt":{"rendered":"<p>Wer m\u00f6chte nicht gerne um die Welt reisen und erleben, was unser Planet zu bieten hat? Die Mathe-Wichtel sind jedenfalls neugierig und ziehen los, um die Welt in ihrer gro\u00dfen &hellip; <a href=\"https:\/\/www.schiebener.net\/wordpress\/mathe-global-denken-mit-den-mathe-wichteln-die-welt-erkundenspielstart-der-mathe-adventskalender-am-1-dezember-2021\/\" class=\"more-link\"><span class=\"screen-reader-text\">\u201e\u201eMathe global denken &#8211; Mit den Mathe-Wichteln die Welt erkunden!&#8220;<br \/>Spielstart der Mathe-Adventskalender am 1. Dezember 2021\u201c <\/span>weiterlesen<\/a><\/p>\n","protected":false},"author":17,"featured_media":0,"comment_status":"open","ping_status":"open","sticky":false,"template":"","format":"standard","meta":{"footnotes":""},"categories":[3,303,1043,648,8524],"tags":[8924],"class_list":["post-50689","post","type-post","status-publish","format-standard","hentry","category-bildung-und-schule","category-in-unserem-briefkasten","category-pressemitteilungen","category-was-tun-gegen-langweile","category-wissenschaft","tag-mathe-im-advent"],"_links":{"self":[{"href":"https:\/\/www.schiebener.net\/wordpress\/wp-json\/wp\/v2\/posts\/50689","targetHints":{"allow":["GET"]}}],"collection":[{"href":"https:\/\/www.schiebener.net\/wordpress\/wp-json\/wp\/v2\/posts"}],"about":[{"href":"https:\/\/www.schiebener.net\/wordpress\/wp-json\/wp\/v2\/types\/post"}],"author":[{"embeddable":true,"href":"https:\/\/www.schiebener.net\/wordpress\/wp-json\/wp\/v2\/users\/17"}],"replies":[{"embeddable":true,"href":"https:\/\/www.schiebener.net\/wordpress\/wp-json\/wp\/v2\/comments?post=50689"}],"version-history":[{"count":0,"href":"https:\/\/www.schiebener.net\/wordpress\/wp-json\/wp\/v2\/posts\/50689\/revisions"}],"wp:attachment":[{"href":"https:\/\/www.schiebener.net\/wordpress\/wp-json\/wp\/v2\/media?parent=50689"}],"wp:term":[{"taxonomy":"category","embeddable":true,"href":"https:\/\/www.schiebener.net\/wordpress\/wp-json\/wp\/v2\/categories?post=50689"},{"taxonomy":"post_tag","embeddable":true,"href":"https:\/\/www.schiebener.net\/wordpress\/wp-json\/wp\/v2\/tags?post=50689"}],"curies":[{"name":"wp","href":"https:\/\/api.w.org\/{rel}","templated":true}]}}