{"id":50417,"date":"2021-11-09T18:57:18","date_gmt":"2021-11-09T17:57:18","guid":{"rendered":"https:\/\/www.schiebener.net\/wordpress\/?p=50417"},"modified":"2021-11-09T18:57:20","modified_gmt":"2021-11-09T17:57:20","slug":"umleitung-menschenrechte-spd-chefs-rebellion-der-ruecksichtslosen-impfungen-krise-rechte-klimaleugner-glaube-als-wissens-placebo-schande-und-mehr","status":"publish","type":"post","link":"https:\/\/www.schiebener.net\/wordpress\/umleitung-menschenrechte-spd-chefs-rebellion-der-ruecksichtslosen-impfungen-krise-rechte-klimaleugner-glaube-als-wissens-placebo-schande-und-mehr\/","title":{"rendered":"Umleitung: Menschenrechte, SPD-Chefs, Rebellion der R\u00fccksichtslosen, Impfungen, Krise, rechte Klimaleugner, Glaube als Wissens-Placebo, Schande und mehr."},"content":{"rendered":"\n<div class=\"wp-block-image\"><figure class=\"aligncenter size-large is-resized\"><a href=\"https:\/\/www.schiebener.net\/wordpress\/wp-content\/uploads\/2021\/11\/2021110901Spaziergang.jpg\" target=\"_blank\" rel=\"noopener\"><img decoding=\"async\" src=\"https:\/\/www.schiebener.net\/wordpress\/wp-content\/uploads\/2021\/11\/2021110901Spaziergang-1024x677.jpg\" alt=\"\" class=\"wp-image-50428\" width=\"600\" srcset=\"https:\/\/www.schiebener.net\/wordpress\/wp-content\/uploads\/2021\/11\/2021110901Spaziergang-1024x677.jpg 1024w, https:\/\/www.schiebener.net\/wordpress\/wp-content\/uploads\/2021\/11\/2021110901Spaziergang-300x198.jpg 300w, https:\/\/www.schiebener.net\/wordpress\/wp-content\/uploads\/2021\/11\/2021110901Spaziergang-768x508.jpg 768w, https:\/\/www.schiebener.net\/wordpress\/wp-content\/uploads\/2021\/11\/2021110901Spaziergang-1536x1016.jpg 1536w, https:\/\/www.schiebener.net\/wordpress\/wp-content\/uploads\/2021\/11\/2021110901Spaziergang-1200x793.jpg 1200w, https:\/\/www.schiebener.net\/wordpress\/wp-content\/uploads\/2021\/11\/2021110901Spaziergang.jpg 2048w\" sizes=\"(max-width: 709px) 85vw, (max-width: 909px) 67vw, (max-width: 1362px) 62vw, 840px\" \/><\/a><figcaption>Spaziergang im Hochsauerland. Hier kann man gut Abstand halten. (foto: zoom)<\/figcaption><\/figure><\/div>\n\n\n\n<p><strong>Die Pervertierung der Menschenrechte:<\/strong> Die Vordenker des Neoliberalismus wussten: Ohne idealistischen Anstrich wird die freie Marktwirtschaft global nicht triumphieren. Warum sie dazu die Idee der universellen Menschenrechte verf\u00e4lschten, erkl\u00e4rt Philosophin Jessica Whyte im Interview &#8230; <a href=\"https:\/\/jacobin.de\/artikel\/die-pervertierung-der-menschenrechte-neoliberalismus-mont-pelerin-society-hayek-allgemeinen-erklarung-der-menschenrechte\/\" target=\"_blank\" rel=\"noreferrer noopener\">jacobin<\/a><\/p>\n\n\n\n<p><strong>SPD-Chefs:<\/strong> Wenn der Sieg zur Niederlage wird &#8230; <a rel=\"noreferrer noopener\" href=\"https:\/\/post-von-horn.de\/2021\/11\/07\/spd-chefs-wenn-der-sieg-zur-niederlage-wird\/\" target=\"_blank\">postvonhorn<\/a><\/p>\n\n\n\n<p><strong>Rebellion der R\u00fccksichtslosen:<\/strong> Weit, weit entfernt scheint die Zeit des Beginns der Corona-Pandemie, als Politik und Gesellschaft die Virologie entdeckten, den Stellenwert von Wissenschaft wiederfanden und M\u00e4nner zum ersten Mal in ihrem Leben lernten, sich regelm\u00e4\u00dfig die H\u00e4nde zu waschen &#8230; <a href=\"https:\/\/mission-lifeline.de\/rebellion-der-ruecksichtslosen\/\" target=\"_blank\" rel=\"noreferrer noopener\">missionlifeline\u00a0<\/a><\/p>\n\n\n\n<p><strong>Dringender Appell von Birgit<\/strong> <strong>Zoerner:<\/strong> \u201eImpfungen sind klar der Weg raus aus der Pandemie\u201c &#8230; <a rel=\"noreferrer noopener\" href=\"https:\/\/www.nordstadtblogger.de\/dringender-appell-von-zoerner-impfungen-sind-klar-der-weg-raus-aus-der-pandemie\/\" target=\"_blank\">nordstadtblogger<\/a><\/p>\n\n\n\n<p><strong>Covid-19 wird endemisch \u2013 doch was bedeutet das f\u00fcr uns?<\/strong> Wie schwer die vierte Welle wird, ist im Moment nicht abzusehen, aber sicher ist: Nach der Welle ist vor der Welle, Impfungen hin oder her. Sars-CoV-2 wird nicht wieder verschwinden &#8230; <a href=\"https:\/\/scilogs.spektrum.de\/fischblog\/covid-19-endemisch-wellen\/\" target=\"_blank\" rel=\"noreferrer noopener\">scilogs<\/a><\/p>\n\n\n\n<p><strong>Krise (Satire):<\/strong> \u201eEs ist im Grunde schon f\u00fcnf nach Zw\u00f6lf.\u201c \u201eDas darf aber doch nicht hei\u00dfen, dass wir die H\u00e4nde in den Scho\u00df legen und zuschauen.\u201c \u201eDas Leben ist in Gefahr, das ganze gesellschaftliche Leben!\u201c &#8230; <a href=\"https:\/\/zynaesthesie.wordpress.com\/2021\/11\/09\/krise\/\" target=\"_blank\" rel=\"noreferrer noopener\">zynaesthesie<\/a><\/p>\n\n\n\n<p><strong>Natursch\u00fctzer kl\u00e4ren \u00fcber rechte Klimaleugner auf:<\/strong> Die NaturFreunde Deutschlands haben eine Aufkl\u00e4rungsbrosch\u00fcre zu rechten Umtrieben im Kontext zum Klimaschutz aufgelegt. Die Fachstelle Radikalisierungspr\u00e4vention prognostiziert dabei, dass die extreme Rechte verst\u00e4rkt bei Auseinandersetzungen um die Klimapolitik mitmischen wird &#8230; <a href=\"https:\/\/www.bnr.de\/artikel\/aktuelle-meldungen\/natursch-tzer-kl-ren-ber-rechte-klimaleugner-auf\" target=\"_blank\" rel=\"noreferrer noopener\">blicknachrechts<\/a><\/p>\n\n\n\n<p><strong>Kunsttagebuch:<\/strong> Der Glaube als Wissens-Placebo und die Kunst als Widerstreiter der Rationalit\u00e4t &#8230; <a href=\"https:\/\/www.endoplast.de\/2021\/11\/05\/kunsttagebuch-der-glaube-als-wissens-placebo-und-die-kunst-als-widerstreiter-der-rationalitaet\/\" target=\"_blank\" rel=\"noreferrer noopener\">endoplast<\/a><\/p>\n\n\n\n<p><strong>Hier haben alte wei\u00dfe M\u00e4nner nichts zu lachen:<\/strong> \u201eSchande\u201c nach J. M. Coetzee im Bochumer Schauspielhaus &#8230; <a href=\"https:\/\/www.revierpassagen.de\/116955\/hier-haben-alte-weisse-maenner-nichts-zu-lachen-schande-nach-j-m-coetzee-im-bochumer-schauspielhaus\/20211107_1719\" target=\"_blank\" rel=\"noreferrer noopener\">revierpassagen<\/a><\/p>\n\n\n\n<p><strong>Hagen:<\/strong> Vortrag \u00fcber \u201eDie Zerst\u00f6rung der Weimarer Republik und die Rolle der\u00a0Hohenzollern\u201c &#8230; <a href=\"https:\/\/doppelwacholder.wordpress.com\/2021\/11\/09\/vortrag-uber-die-zerstorung-der-weimarer-republik-und-die-rolle-der-hohenzollern\/\" target=\"_blank\" rel=\"noreferrer noopener\">doppelwacholder<\/a><\/p>\n\n\n\n<p><strong>Kreisverwaltung bei Umweltangelegenheiten objektiv?<\/strong> Erhebliche Zweifel, ob die Kreisverwaltung sich in Umweltangelegenheiten objektiv verh\u00e4lt, ergeben sich aus einer Antwort des Landrats auf eine schriftliche Anfrage der SBL-Kreistagsfraktion &#8230; <a href=\"http:\/\/sbl-fraktion.de\/?p=10293\" target=\"_blank\" rel=\"noreferrer noopener\">sbl<\/a><\/p>\n","protected":false},"excerpt":{"rendered":"<p>Die Pervertierung der Menschenrechte: Die Vordenker des Neoliberalismus wussten: Ohne idealistischen Anstrich wird die freie Marktwirtschaft global nicht triumphieren. Warum sie dazu die Idee der universellen Menschenrechte verf\u00e4lschten, erkl\u00e4rt Philosophin &hellip; <a href=\"https:\/\/www.schiebener.net\/wordpress\/umleitung-menschenrechte-spd-chefs-rebellion-der-ruecksichtslosen-impfungen-krise-rechte-klimaleugner-glaube-als-wissens-placebo-schande-und-mehr\/\" class=\"more-link\"><span class=\"screen-reader-text\">\u201eUmleitung: Menschenrechte, SPD-Chefs, Rebellion der R\u00fccksichtslosen, Impfungen, Krise, rechte Klimaleugner, Glaube als Wissens-Placebo, Schande und mehr.\u201c <\/span>weiterlesen<\/a><\/p>\n","protected":false},"author":3,"featured_media":0,"comment_status":"open","ping_status":"open","sticky":false,"template":"","format":"standard","meta":{"footnotes":""},"categories":[319,7088,8406,854,7507,6314,49,2782,4761,379,549,1208,8524],"tags":[835,8821,8533,8610,8554,13],"class_list":["post-50417","post","type-post","status-publish","format-standard","hentry","category-geschichte","category-gesundheit","category-klimakrise","category-kunst","category-nationalsozialismus","category-rechtsextremismus","category-religion","category-satire","category-soziales","category-umleitung","category-umwelt","category-wirtschaft","category-wissenschaft","tag-hochsauerlandkreis","tag-impfungen","tag-menschenrechte","tag-pandemie","tag-schauspielhaus-bochum","tag-spd"],"_links":{"self":[{"href":"https:\/\/www.schiebener.net\/wordpress\/wp-json\/wp\/v2\/posts\/50417","targetHints":{"allow":["GET"]}}],"collection":[{"href":"https:\/\/www.schiebener.net\/wordpress\/wp-json\/wp\/v2\/posts"}],"about":[{"href":"https:\/\/www.schiebener.net\/wordpress\/wp-json\/wp\/v2\/types\/post"}],"author":[{"embeddable":true,"href":"https:\/\/www.schiebener.net\/wordpress\/wp-json\/wp\/v2\/users\/3"}],"replies":[{"embeddable":true,"href":"https:\/\/www.schiebener.net\/wordpress\/wp-json\/wp\/v2\/comments?post=50417"}],"version-history":[{"count":0,"href":"https:\/\/www.schiebener.net\/wordpress\/wp-json\/wp\/v2\/posts\/50417\/revisions"}],"wp:attachment":[{"href":"https:\/\/www.schiebener.net\/wordpress\/wp-json\/wp\/v2\/media?parent=50417"}],"wp:term":[{"taxonomy":"category","embeddable":true,"href":"https:\/\/www.schiebener.net\/wordpress\/wp-json\/wp\/v2\/categories?post=50417"},{"taxonomy":"post_tag","embeddable":true,"href":"https:\/\/www.schiebener.net\/wordpress\/wp-json\/wp\/v2\/tags?post=50417"}],"curies":[{"name":"wp","href":"https:\/\/api.w.org\/{rel}","templated":true}]}}