{"id":5031,"date":"2009-09-30T22:31:22","date_gmt":"2009-09-30T20:31:22","guid":{"rendered":"http:\/\/www.schiebener.net\/wordpress\/?p=5031"},"modified":"2009-09-30T22:41:46","modified_gmt":"2009-09-30T20:41:46","slug":"umleitung-farbspiele-udo-jurgens-piraten-und-europa","status":"publish","type":"post","link":"https:\/\/www.schiebener.net\/wordpress\/umleitung-farbspiele-udo-jurgens-piraten-und-europa\/","title":{"rendered":"Umleitung: Farbspiele, Udo J\u00fcrgens, Piraten und Europa"},"content":{"rendered":"<p><img loading=\"lazy\" decoding=\"async\" class=\"size-full wp-image-2311 alignleft\" src=\"http:\/\/www.schiebener.net\/wordpress\/wp-content\/uploads\/2009\/02\/umleitung.gif\" alt=\"\" width=\"110\" height=\"28\" \/><strong>Rot-Rot:<\/strong> br\u00fcskiert Gewerkschaften &#8230;<a href=\"http:\/\/www.jungewelt.de\/2009\/10-01\/067.php\" target=\"_blank\"> jw<\/a><\/p>\n<p><strong>Schwarz-Gr\u00fcn<\/strong>: M\u00fcller steigt aus &#8230;<a href=\"http:\/\/www.fr-online.de\/top_news\/1984107_Saarland-Mueller-steigt-aus.html\" target=\"_blank\"> fr<\/a><\/p>\n<p><strong>Europa und der Frieden:<\/strong> Druck auf Linke w\u00e4chst &#8230; <a href=\"http:\/\/www.nachdenkseiten.de\/?p=4230#more-4230\" target=\"_blank\">nachdenkseiten<\/a><\/p>\n<p><strong>Udo J\u00fcrgens:<\/strong> der Willy Brandt am Fl\u00fcgel &#8230; <a href=\"http:\/\/www.freitag.de\/kultur\/0939-udo-juergens-willy-brandt-schlager-unterhaltung\" target=\"_blank\">freitag <\/a><\/p>\n<p><strong>Piratenpartei:<\/strong> von den Verlierern lernen &#8230; <a href=\"http:\/\/www.zeit.de\/digital\/2009-09\/piraten-nach-der-wahl\" target=\"_blank\">zeit<\/a><\/p>\n<p><strong>Beten in der Schule:<\/strong> falsches Signal &#8230; <a href=\"http:\/\/www.neues-deutschland.de\/artikel\/156642.integrationspolitisch-falsches-signal.html\" target=\"_blank\">nd<\/a><\/p>\n","protected":false},"excerpt":{"rendered":"<p>Rot-Rot: br\u00fcskiert Gewerkschaften &#8230; jw Schwarz-Gr\u00fcn: M\u00fcller steigt aus &#8230; fr Europa und der Frieden: Druck auf Linke w\u00e4chst &#8230; nachdenkseiten Udo J\u00fcrgens: der Willy Brandt am Fl\u00fcgel &#8230; freitag &hellip; <a href=\"https:\/\/www.schiebener.net\/wordpress\/umleitung-farbspiele-udo-jurgens-piraten-und-europa\/\" class=\"more-link\"><span class=\"screen-reader-text\">\u201eUmleitung: Farbspiele, Udo J\u00fcrgens, Piraten und Europa\u201c <\/span>weiterlesen<\/a><\/p>\n","protected":false},"author":3,"featured_media":0,"comment_status":"open","ping_status":"open","sticky":false,"template":"","format":"standard","meta":{"footnotes":""},"categories":[24,379],"tags":[5867,561,849],"class_list":["post-5031","post","type-post","status-publish","format-standard","hentry","category-politik","category-umleitung","tag-europa","tag-piraten","tag-udo-jurgens"],"_links":{"self":[{"href":"https:\/\/www.schiebener.net\/wordpress\/wp-json\/wp\/v2\/posts\/5031","targetHints":{"allow":["GET"]}}],"collection":[{"href":"https:\/\/www.schiebener.net\/wordpress\/wp-json\/wp\/v2\/posts"}],"about":[{"href":"https:\/\/www.schiebener.net\/wordpress\/wp-json\/wp\/v2\/types\/post"}],"author":[{"embeddable":true,"href":"https:\/\/www.schiebener.net\/wordpress\/wp-json\/wp\/v2\/users\/3"}],"replies":[{"embeddable":true,"href":"https:\/\/www.schiebener.net\/wordpress\/wp-json\/wp\/v2\/comments?post=5031"}],"version-history":[{"count":0,"href":"https:\/\/www.schiebener.net\/wordpress\/wp-json\/wp\/v2\/posts\/5031\/revisions"}],"wp:attachment":[{"href":"https:\/\/www.schiebener.net\/wordpress\/wp-json\/wp\/v2\/media?parent=5031"}],"wp:term":[{"taxonomy":"category","embeddable":true,"href":"https:\/\/www.schiebener.net\/wordpress\/wp-json\/wp\/v2\/categories?post=5031"},{"taxonomy":"post_tag","embeddable":true,"href":"https:\/\/www.schiebener.net\/wordpress\/wp-json\/wp\/v2\/tags?post=5031"}],"curies":[{"name":"wp","href":"https:\/\/api.w.org\/{rel}","templated":true}]}}