{"id":50268,"date":"2021-10-26T13:19:22","date_gmt":"2021-10-26T12:19:22","guid":{"rendered":"https:\/\/www.schiebener.net\/wordpress\/?p=50268"},"modified":"2021-10-26T14:10:26","modified_gmt":"2021-10-26T13:10:26","slug":"der-hsk-impfbus-ist-wieder-unterwegs-kurzfristige-termine-in-brilon-und-marsberg","status":"publish","type":"post","link":"https:\/\/www.schiebener.net\/wordpress\/der-hsk-impfbus-ist-wieder-unterwegs-kurzfristige-termine-in-brilon-und-marsberg\/","title":{"rendered":"Der HSK-Impfbus ist wieder unterwegs. Kurzfristige Termine in Brilon und Marsberg."},"content":{"rendered":"<p><strong>Der Impfbus des Hochsauerlandkreises h\u00e4lt in dieser Woche kurzfristig an vier Stationen:<\/strong><\/p>\n<ul>\n<li>Mittwoch, 27.10.2021, 12:30 &#8211; 15:30 Uhr, Brilon-Hoppecke, Parkplatz Bontkirchener Str. 1,<\/li>\n<li>Freitag, 29.10.2021, 12 &#8211; 18 Uhr, Marsberg, Parkplatz Marktkauf,<\/li>\n<li>Samstag, 30.10.2021, 08:30 &#8211; 14 Uhr, Brilon, Wochenmarkt,<\/li>\n<li>Sonntag, 31.10.2021, 11- 17 Uhr, Arnsberg-Bruchhausen, Tr\u00f6delmarkt Kaufland Parkplatz.<\/li>\n<\/ul>\n<p>Vor Ort steht ausschlie\u00dflich Biontech-Impfstoff zur Verf\u00fcgung. Mitzubringen sind Personalausweis und Impfausweis. Alle weiteren Unterlagen k\u00f6nnen vor Ort ausgef\u00fcllt werden.<\/p>\n","protected":false},"excerpt":{"rendered":"<p>Der Impfbus des Hochsauerlandkreises h\u00e4lt in dieser Woche kurzfristig an vier Stationen: Mittwoch, 27.10.2021, 12:30 &#8211; 15:30 Uhr, Brilon-Hoppecke, Parkplatz Bontkirchener Str. 1, Freitag, 29.10.2021, 12 &#8211; 18 Uhr, Marsberg, &hellip; <a href=\"https:\/\/www.schiebener.net\/wordpress\/der-hsk-impfbus-ist-wieder-unterwegs-kurzfristige-termine-in-brilon-und-marsberg\/\" class=\"more-link\"><span class=\"screen-reader-text\">\u201eDer HSK-Impfbus ist wieder unterwegs. Kurzfristige Termine in Brilon und Marsberg.\u201c <\/span>weiterlesen<\/a><\/p>\n","protected":false},"author":17,"featured_media":0,"comment_status":"open","ping_status":"open","sticky":false,"template":"","format":"standard","meta":{"footnotes":""},"categories":[7088,303,80,1043],"tags":[8645,8580,8867,8610],"class_list":["post-50268","post","type-post","status-publish","format-standard","hentry","category-gesundheit","category-in-unserem-briefkasten","category-lokales","category-pressemitteilungen","tag-corona-krise","tag-covid-19","tag-impfbus","tag-pandemie"],"_links":{"self":[{"href":"https:\/\/www.schiebener.net\/wordpress\/wp-json\/wp\/v2\/posts\/50268","targetHints":{"allow":["GET"]}}],"collection":[{"href":"https:\/\/www.schiebener.net\/wordpress\/wp-json\/wp\/v2\/posts"}],"about":[{"href":"https:\/\/www.schiebener.net\/wordpress\/wp-json\/wp\/v2\/types\/post"}],"author":[{"embeddable":true,"href":"https:\/\/www.schiebener.net\/wordpress\/wp-json\/wp\/v2\/users\/17"}],"replies":[{"embeddable":true,"href":"https:\/\/www.schiebener.net\/wordpress\/wp-json\/wp\/v2\/comments?post=50268"}],"version-history":[{"count":0,"href":"https:\/\/www.schiebener.net\/wordpress\/wp-json\/wp\/v2\/posts\/50268\/revisions"}],"wp:attachment":[{"href":"https:\/\/www.schiebener.net\/wordpress\/wp-json\/wp\/v2\/media?parent=50268"}],"wp:term":[{"taxonomy":"category","embeddable":true,"href":"https:\/\/www.schiebener.net\/wordpress\/wp-json\/wp\/v2\/categories?post=50268"},{"taxonomy":"post_tag","embeddable":true,"href":"https:\/\/www.schiebener.net\/wordpress\/wp-json\/wp\/v2\/tags?post=50268"}],"curies":[{"name":"wp","href":"https:\/\/api.w.org\/{rel}","templated":true}]}}