{"id":50003,"date":"2021-10-04T11:28:59","date_gmt":"2021-10-04T10:28:59","guid":{"rendered":"https:\/\/www.schiebener.net\/wordpress\/?p=50003"},"modified":"2021-10-04T11:28:59","modified_gmt":"2021-10-04T10:28:59","slug":"weltlehrerinnentag-eine-trendwende-muss-her","status":"publish","type":"post","link":"https:\/\/www.schiebener.net\/wordpress\/weltlehrerinnentag-eine-trendwende-muss-her\/","title":{"rendered":"Weltlehrer*innentag: \u201eEine Trendwende muss her!\u201c"},"content":{"rendered":"<figure id=\"attachment_49727\" aria-describedby=\"caption-attachment-49727\" style=\"width: 200px\" class=\"wp-caption alignleft\"><img loading=\"lazy\" decoding=\"async\" class=\" wp-image-49727\" src=\"https:\/\/www.schiebener.net\/wordpress\/wp-content\/uploads\/2021\/09\/25062021_GEWEmpfangKlein.jpg\" alt=\"\" width=\"200\" height=\"300\" srcset=\"https:\/\/www.schiebener.net\/wordpress\/wp-content\/uploads\/2021\/09\/25062021_GEWEmpfangKlein.jpg 700w, https:\/\/www.schiebener.net\/wordpress\/wp-content\/uploads\/2021\/09\/25062021_GEWEmpfangKlein-200x300.jpg 200w, https:\/\/www.schiebener.net\/wordpress\/wp-content\/uploads\/2021\/09\/25062021_GEWEmpfangKlein-683x1024.jpg 683w\" sizes=\"auto, (max-width: 200px) 85vw, 200px\" \/><figcaption id=\"caption-attachment-49727\" class=\"wp-caption-text\">Ayla \u00c7elik Vorsitzende der GEW NRW. (Foto: Alena Wischolek)<\/figcaption><\/figure>\n<p><strong>Zum morgigen Weltlehrer*innentag erkl\u00e4rt Ayla \u00c7elik, Vorsitzende der GEW NRW:<\/strong><\/p>\n<p>\u201eWir brauchen eine echte Trendwende im Bildungssystem. Seit Jahren gelingt es uns immer weniger, die offenen Stellen an den Schulen zu besetzen. Das trifft insbesondere die Grund- und F\u00f6rderschulen; auff\u00e4llig h\u00e4ufig in den sozial benachteiligten Stadtteilen.<\/p>\n<p>Der Grund ist klar: Wir machen Lehrer*innen zu Mangelverwalter*innen. Mangelhafte Ausstattung, stetig zunehmende Aufgaben, fehlende Kolleg*innen \u2013 die Liste lie\u00dfe sich fortsetzen. So wird der Beruf als Lehrer*in immer weniger attraktiv.<\/p>\n<p>Deshalb danke ich ausdr\u00fccklich allen Lehrer*innen, die sich trotz der widrigen Rahmenbedingungen jeden Tag f\u00fcr die Lebenschancen junger Menschen engagieren und einsetzen. Die Politik muss dazu ihren Teil beitragen. Die strukturellen Rahmenbedingungen m\u00fcssen umfassend verbessert werden, um den Abw\u00e4rtstrend umzukehren: Wir brauchen mehr junge Menschen, die sich f\u00fcr den Beruf als Grund- oder F\u00f6rderschullehrer*in entscheiden. Wir brauchen gut ausgestattete Schulen, in denen die Kinder und Jugendlichen individuell gef\u00f6rdert werden, weil ausreichend Zeitressourcen f\u00fcr die p\u00e4dagogische Arbeit zur Verf\u00fcgung gestellt werden.<\/p>\n<p>Die Ma\u00dfnahmen der Landesregierung reichen daf\u00fcr nicht aus. An den Schulassistent*innen l\u00e4sst sich das genau nachvollziehen. Grunds\u00e4tzlich ist jede Entlastung f\u00fcr Lehrkr\u00e4fte wichtig, damit bei ihnen mehr Zeit f\u00fcr die Sch\u00fcler*innen \u00fcbrigbleibt. F\u00fcr Schulassistent*innen sind aber Lehrerstellenanteile abzugeben. Damit wird nur der Mangel umverteilt, statt ihn tats\u00e4chlich zu l\u00f6sen. Zus\u00e4tzliche finanzielle, personelle und sachliche Ressourcen sind f\u00fcr Bildungseinrichtungen unerl\u00e4sslich.<\/p>\n<p>NRW hat im Vergleich der Bundesl\u00e4nder bei den pro Kopf Ausgaben die rote Laterne \u2013 und das dauerhaft. Wegen dieser chronischen Unterfinanzierung fahren wir im Bildungsbereich seit Jahren auf Verschlei\u00df: Die Geb\u00e4ude werden maroder, aufgrund des seit Jahren herrschenden Mangels an Lehrkr\u00e4ften werden immer mehr Aufgaben von wenigen Schultern getragen. Die L\u00f6sung kann nur sein: Mehr Investition in gute Bildung, denn Bildung ist mehr wert, weil uns unsere Kinder und Jugendlichen mehr wert sind.\u201c<\/p>\n","protected":false},"excerpt":{"rendered":"<p>Zum morgigen Weltlehrer*innentag erkl\u00e4rt Ayla \u00c7elik, Vorsitzende der GEW NRW: \u201eWir brauchen eine echte Trendwende im Bildungssystem. Seit Jahren gelingt es uns immer weniger, die offenen Stellen an den Schulen &hellip; <a href=\"https:\/\/www.schiebener.net\/wordpress\/weltlehrerinnentag-eine-trendwende-muss-her\/\" class=\"more-link\"><span class=\"screen-reader-text\">\u201eWeltlehrer*innentag: \u201eEine Trendwende muss her!\u201c\u201c <\/span>weiterlesen<\/a><\/p>\n","protected":false},"author":17,"featured_media":0,"comment_status":"open","ping_status":"open","sticky":false,"template":"","format":"standard","meta":{"footnotes":""},"categories":[3,303,6413,1043],"tags":[8670,655],"class_list":["post-50003","post","type-post","status-publish","format-standard","hentry","category-bildung-und-schule","category-in-unserem-briefkasten","category-nrw","category-pressemitteilungen","tag-gew-nrw","tag-pressemitteilung"],"_links":{"self":[{"href":"https:\/\/www.schiebener.net\/wordpress\/wp-json\/wp\/v2\/posts\/50003","targetHints":{"allow":["GET"]}}],"collection":[{"href":"https:\/\/www.schiebener.net\/wordpress\/wp-json\/wp\/v2\/posts"}],"about":[{"href":"https:\/\/www.schiebener.net\/wordpress\/wp-json\/wp\/v2\/types\/post"}],"author":[{"embeddable":true,"href":"https:\/\/www.schiebener.net\/wordpress\/wp-json\/wp\/v2\/users\/17"}],"replies":[{"embeddable":true,"href":"https:\/\/www.schiebener.net\/wordpress\/wp-json\/wp\/v2\/comments?post=50003"}],"version-history":[{"count":0,"href":"https:\/\/www.schiebener.net\/wordpress\/wp-json\/wp\/v2\/posts\/50003\/revisions"}],"wp:attachment":[{"href":"https:\/\/www.schiebener.net\/wordpress\/wp-json\/wp\/v2\/media?parent=50003"}],"wp:term":[{"taxonomy":"category","embeddable":true,"href":"https:\/\/www.schiebener.net\/wordpress\/wp-json\/wp\/v2\/categories?post=50003"},{"taxonomy":"post_tag","embeddable":true,"href":"https:\/\/www.schiebener.net\/wordpress\/wp-json\/wp\/v2\/tags?post=50003"}],"curies":[{"name":"wp","href":"https:\/\/api.w.org\/{rel}","templated":true}]}}