{"id":49991,"date":"2021-10-01T11:44:18","date_gmt":"2021-10-01T10:44:18","guid":{"rendered":"https:\/\/www.schiebener.net\/wordpress\/?p=49991"},"modified":"2021-10-01T11:45:12","modified_gmt":"2021-10-01T10:45:12","slug":"corona-virus-im-hochsauerlandkreis-13-neuinfizierte-22-genesene-9-stationaer-ab-heute-gilt-die-neue-corona-schutzverordnung-des-landes-nrw","status":"publish","type":"post","link":"https:\/\/www.schiebener.net\/wordpress\/corona-virus-im-hochsauerlandkreis-13-neuinfizierte-22-genesene-9-stationaer-ab-heute-gilt-die-neue-corona-schutzverordnung-des-landes-nrw\/","title":{"rendered":"Corona-Virus im HSK: 13 Neuinfizierte, 22 Genesene, 9 station\u00e4r. Ab heute gilt die neue Corona-Schutzverordnung des Landes NRW."},"content":{"rendered":"<p><img loading=\"lazy\" decoding=\"async\" src=\"https:\/\/www.schiebener.net\/wordpress\/wp-content\/uploads\/2009\/02\/lt_briefkasten01.jpg\" alt=\"In unserem Briefkasten\" width=\"120\" height=\"91\" class=\"alignleft size-full wp-image-2182\" \/><strong>Die Statistik des Kreisgesundheitsamtes verzeichnet am Freitag, 1. Oktober, 9 Uhr, 13 Neuinfizierte und 22 Genesene. Die 7-Tage-Inzidenz betr\u00e4gt 35,9 (Stand 1. Oktober, 0 Uhr). <\/strong><\/p>\n<p><em>(Pressemitteilung HSK)<\/em><\/p>\n<p>Insgesamt sind es damit aktuell 150 Infizierte, 10.974 Genesene, 11.334 best\u00e4tigte F\u00e4lle sowie 210 Sterbef\u00e4lle in Verbindung mit einer Corona-Infektion. Station\u00e4r werden neun Personen behandelt, drei intensivmedizinisch und davon werden zwei Personen beatmet.<\/p>\n<p>Der Hochsauerlandkreis weist auf die neue Corona-Schutzverordnung des Landes NRW hin, die ab dem 1. Oktober gilt. Weitere Informationen dazu sind hier zu finden: <a href=\"https:\/\/www.land.nrw\/corona\" rel=\"noopener\" target=\"_blank\">https:\/\/www.land.nrw\/corona<\/a><\/p>\n<p>Die Infizierten verteilen sich insgesamt wie folgt auf die St\u00e4dte und Gemeinden: Arnsberg (45), Bestwig (3), Brilon (15), Eslohe (4), Hallenberg (1), Marsberg (14), Medebach (2), Meschede (26), Olsberg (1), Schmallenberg (2), Sundern (23) und Winterberg (14).<\/p>\n","protected":false},"excerpt":{"rendered":"<p>Die Statistik des Kreisgesundheitsamtes verzeichnet am Freitag, 1. Oktober, 9 Uhr, 13 Neuinfizierte und 22 Genesene. Die 7-Tage-Inzidenz betr\u00e4gt 35,9 (Stand 1. Oktober, 0 Uhr). (Pressemitteilung HSK) Insgesamt sind es &hellip; <a href=\"https:\/\/www.schiebener.net\/wordpress\/corona-virus-im-hochsauerlandkreis-13-neuinfizierte-22-genesene-9-stationaer-ab-heute-gilt-die-neue-corona-schutzverordnung-des-landes-nrw\/\" class=\"more-link\"><span class=\"screen-reader-text\">\u201eCorona-Virus im HSK: 13 Neuinfizierte, 22 Genesene, 9 station\u00e4r. Ab heute gilt die neue Corona-Schutzverordnung des Landes NRW.\u201c <\/span>weiterlesen<\/a><\/p>\n","protected":false},"author":17,"featured_media":0,"comment_status":"open","ping_status":"open","sticky":false,"template":"","format":"standard","meta":{"footnotes":""},"categories":[7088,303,80,1043],"tags":[8645,8580,8610,655],"class_list":["post-49991","post","type-post","status-publish","format-standard","hentry","category-gesundheit","category-in-unserem-briefkasten","category-lokales","category-pressemitteilungen","tag-corona-krise","tag-covid-19","tag-pandemie","tag-pressemitteilung"],"_links":{"self":[{"href":"https:\/\/www.schiebener.net\/wordpress\/wp-json\/wp\/v2\/posts\/49991","targetHints":{"allow":["GET"]}}],"collection":[{"href":"https:\/\/www.schiebener.net\/wordpress\/wp-json\/wp\/v2\/posts"}],"about":[{"href":"https:\/\/www.schiebener.net\/wordpress\/wp-json\/wp\/v2\/types\/post"}],"author":[{"embeddable":true,"href":"https:\/\/www.schiebener.net\/wordpress\/wp-json\/wp\/v2\/users\/17"}],"replies":[{"embeddable":true,"href":"https:\/\/www.schiebener.net\/wordpress\/wp-json\/wp\/v2\/comments?post=49991"}],"version-history":[{"count":0,"href":"https:\/\/www.schiebener.net\/wordpress\/wp-json\/wp\/v2\/posts\/49991\/revisions"}],"wp:attachment":[{"href":"https:\/\/www.schiebener.net\/wordpress\/wp-json\/wp\/v2\/media?parent=49991"}],"wp:term":[{"taxonomy":"category","embeddable":true,"href":"https:\/\/www.schiebener.net\/wordpress\/wp-json\/wp\/v2\/categories?post=49991"},{"taxonomy":"post_tag","embeddable":true,"href":"https:\/\/www.schiebener.net\/wordpress\/wp-json\/wp\/v2\/tags?post=49991"}],"curies":[{"name":"wp","href":"https:\/\/api.w.org\/{rel}","templated":true}]}}