{"id":49950,"date":"2021-09-29T09:51:59","date_gmt":"2021-09-29T08:51:59","guid":{"rendered":"https:\/\/www.schiebener.net\/wordpress\/?p=49950"},"modified":"2021-09-29T10:18:43","modified_gmt":"2021-09-29T09:18:43","slug":"bewegungspfad-der-bzga-regt-zum-mitmachen-an-uebungen-aus-dem-alltagstrainingsprogramm-im-oeffentlichen-raum","status":"publish","type":"post","link":"https:\/\/www.schiebener.net\/wordpress\/bewegungspfad-der-bzga-regt-zum-mitmachen-an-uebungen-aus-dem-alltagstrainingsprogramm-im-oeffentlichen-raum\/","title":{"rendered":"Bewegungspfad der BZgA regt zum Mitmachen an.  \u00dcbungen aus dem AlltagsTrainingsProgramm im \u00f6ffentlichen Raum."},"content":{"rendered":"<figure id=\"attachment_49951\" aria-describedby=\"caption-attachment-49951\" style=\"width: 700px\" class=\"wp-caption aligncenter\"><a href=\"https:\/\/www.schiebener.net\/wordpress\/wp-content\/uploads\/2021\/09\/ATP-Bewegungspfad_Starttafel_fuer_Webseite_2_608d641398.jpg\" target=\"_blank\" rel=\"noopener\"><img loading=\"lazy\" decoding=\"async\" class=\"wp-image-49951\" src=\"https:\/\/www.schiebener.net\/wordpress\/wp-content\/uploads\/2021\/09\/ATP-Bewegungspfad_Starttafel_fuer_Webseite_2_608d641398.jpg\" alt=\"\" width=\"700\" height=\"496\" srcset=\"https:\/\/www.schiebener.net\/wordpress\/wp-content\/uploads\/2021\/09\/ATP-Bewegungspfad_Starttafel_fuer_Webseite_2_608d641398.jpg 848w, https:\/\/www.schiebener.net\/wordpress\/wp-content\/uploads\/2021\/09\/ATP-Bewegungspfad_Starttafel_fuer_Webseite_2_608d641398-300x212.jpg 300w, https:\/\/www.schiebener.net\/wordpress\/wp-content\/uploads\/2021\/09\/ATP-Bewegungspfad_Starttafel_fuer_Webseite_2_608d641398-768x543.jpg 768w\" sizes=\"auto, (max-width: 709px) 85vw, (max-width: 909px) 67vw, (max-width: 984px) 61vw, (max-width: 1362px) 45vw, 600px\" \/><\/a><figcaption id=\"caption-attachment-49951\" class=\"wp-caption-text\">Ob alleine oder in der Gruppe \u2013 Bewegung im Freien hat durch die pandemiebedingten Einschr\u00e4nkungen der vergangenen Jahre an Bedeutung gewonnen. Daher hat die BZgA auf Basis der \u00dcbungen aus der Bewegungspackung einen Bewegungspfad zusammengestellt, der 10 \u00dcbungen und eine Startstation enth\u00e4lt. (Grafik: BZgA)<\/figcaption><\/figure>\n<p><strong>K\u00f6ln, 29. September 2021. Anl\u00e4sslich des \u201eInternationalen Tages der \u00e4lteren Menschen\u201c am 01. Oktober 2021 stellt die Bundeszentrale f\u00fcr gesundheitliche Aufkl\u00e4rung (BZgA) ihr neues Angebot zur Bewegungsf\u00f6rderung vor: Den AlltagsTrainingsProgramm ATP-Bewegungspfad.<\/strong><\/p>\n<p>Regelm\u00e4\u00dfige Bewegung ist f\u00fcr die k\u00f6rperliche und geistige Gesundheit wichtig, insbesondere bei \u00e4lteren Menschen. In der Zeit der Pandemie hat Sport im Freien an Bedeutung gewonnen. Daher bietet die BZgA Vereinen, Institutionen und \u00dcbungsleitenden auf <a href=\"http:\/\/www.aelter-werden-in-balance.de\" target=\"_blank\" rel=\"noopener\">www.aelter-werden-in-balance.de<\/a> kostenfrei Vorlagen f\u00fcr \u00dcbungstafeln zum Herunterladen. Mithilfe dieser \u00dcbungsanleitung k\u00f6nnen Kommunen oder Sportvereine im Gr\u00fcnen einen Bewegungspfad anlegen. Damit B\u00fcrgerinnen und B\u00fcrger, die an einer der insgesamt zehn Stationen vorbeikommen, zum Mitmachen angeregt werden.<\/p>\n<p>Die \u00dcbungen sind Teil des qualit\u00e4tsgepr\u00fcften AlltagsTrainingsProgramms (ATP) der BZgA, das speziell auf \u00e4ltere Menschen zugeschnitten ist. Der Bewegungspfad beginnt mit einer kurzen Startbeschreibung, die Stationen eins bis zehn zeigen jeweils eine \u00dcbung mit Anleitung und Bild und beinhalten au\u00dferdem einen Hinweis, dass die Nutzung auf eigene Gefahr erfolgt.<\/p>\n<figure id=\"attachment_49955\" aria-describedby=\"caption-attachment-49955\" style=\"width: 700px\" class=\"wp-caption aligncenter\"><a href=\"https:\/\/www.schiebener.net\/wordpress\/wp-content\/uploads\/2021\/09\/Uebung02.jpg\" target=\"_blank\" rel=\"noopener\"><img loading=\"lazy\" decoding=\"async\" class=\"wp-image-49955\" src=\"https:\/\/www.schiebener.net\/wordpress\/wp-content\/uploads\/2021\/09\/Uebung02.jpg\" alt=\"\" width=\"700\" height=\"494\" srcset=\"https:\/\/www.schiebener.net\/wordpress\/wp-content\/uploads\/2021\/09\/Uebung02.jpg 1198w, https:\/\/www.schiebener.net\/wordpress\/wp-content\/uploads\/2021\/09\/Uebung02-300x212.jpg 300w, https:\/\/www.schiebener.net\/wordpress\/wp-content\/uploads\/2021\/09\/Uebung02-1024x722.jpg 1024w, https:\/\/www.schiebener.net\/wordpress\/wp-content\/uploads\/2021\/09\/Uebung02-768x542.jpg 768w\" sizes=\"auto, (max-width: 709px) 85vw, (max-width: 909px) 67vw, (max-width: 984px) 61vw, (max-width: 1362px) 45vw, 600px\" \/><\/a><figcaption id=\"caption-attachment-49955\" class=\"wp-caption-text\">Als Beispiel die zweite \u00dcbung. Hilft gegen Schulterschmerzen. Selber ausprobiert. (Grafik: BZgA)<\/figcaption><\/figure>\n<p>Interessierte Gruppen oder Vereine ben\u00f6tigen f\u00fcr das Anbringen der \u00dcbungstafeln im \u00f6ffentlichen Raum eine schriftliche Genehmigung der jeweiligen Kommune. Weitere Informationen dazu finden sich in den Erl\u00e4uterungen zum Bewegungspfad.<\/p>\n<p>Um den Bewegungspfad m\u00f6glichst nutzerfreundlich zu gestalten, sollte auf Sitzgelegenheiten, Toiletten und Beleuchtung in der n\u00e4heren Umgebung geachtet werden.<\/p>\n<p>Das AlltagsTrainingsProgramm ATP wurde von der Bundeszentrale f\u00fcr gesundheitliche Aufkl\u00e4rung, der Deutschen Sporthochschule K\u00f6ln (DSHS), dem Deutschen Olympischen Sportbund e.V. (DOSB), dem Deutschen Turner-Bund e.V. (DTB) und dem Landessportbund Nordrhein-Westfalen e.V. (LSB NRW) entwickelt. Es ist Teil des Pr\u00e4ventionsprogramms \u201e\u00c4lter werden in Balance\u201c, das Menschen ab 60 Jahren zu mehr Bewegung anregen will. Das Programm wird finanziell unterst\u00fctzt vom Verband der Privaten Krankenversicherung e.V. (PKV).<\/p>\n<p>Die \u00dcbungen zum Bewegungspfad k\u00f6nnen kostenfrei heruntergeladen werden unter:<br \/>\n<a href=\"http:\/\/www.aelter-werden-in-balance.de\/atp\/materialien\/atp-bewegungspfad\/\" target=\"_blank\" rel=\"noopener\">www.aelter-werden-in-balance.de\/atp\/materialien\/atp-bewegungspfad\/<\/a><\/p>\n<p>Mehr Informationen zum BZgA AlltagsTrainingsProgramm ATP unter:<br \/>\n<a href=\"http:\/\/www.aelter-werden-in-balance.de\" target=\"_blank\" rel=\"noopener\">www.aelter-werden-in-balance.de<\/a><\/p>\n<p>Die BZgA Bewegungspackung mit 25 \u00dcbungen im Kartenformat, kostenfrei zu bestellen hier:<br \/>\n<a href=\"http:\/\/www.aelter-werden-in-balance.de\/bewegungspackung\/\" target=\"_blank\" rel=\"noopener\">www.aelter-werden-in-balance.de\/bewegungspackung\/<\/a> oder<br \/>\n<a href=\"http:\/\/www.bzga.de\/infomaterialien\/gesundheit-aelterer-menschen\" target=\"_blank\" rel=\"noopener\">www.bzga.de\/infomaterialien\/gesundheit-aelterer-menschen<\/a><\/p>\n<p><strong>Kostenlose Bestellung der BZgA-Materialien unter:<\/strong><br \/>\nBundeszentrale f\u00fcr gesundheitliche Aufkl\u00e4rung, 50819 K\u00f6ln<br \/>\nOnline-Bestellsystem: <a href=\"http:\/\/www.bzga.de\/infomaterialien\" target=\"_blank\" rel=\"noopener\">www.bzga.de\/infomaterialien<\/a><br \/>\nFax: 0221\/8992257<br \/>\nE-Mail: <a href=\"mailto:bestellung@bzga.de\" target=\"_blank\" rel=\"noopener\">bestellung@bzga.de<\/a><\/p>\n","protected":false},"excerpt":{"rendered":"<p>K\u00f6ln, 29. September 2021. Anl\u00e4sslich des \u201eInternationalen Tages der \u00e4lteren Menschen\u201c am 01. Oktober 2021 stellt die Bundeszentrale f\u00fcr gesundheitliche Aufkl\u00e4rung (BZgA) ihr neues Angebot zur Bewegungsf\u00f6rderung vor: Den AlltagsTrainingsProgramm &hellip; <a href=\"https:\/\/www.schiebener.net\/wordpress\/bewegungspfad-der-bzga-regt-zum-mitmachen-an-uebungen-aus-dem-alltagstrainingsprogramm-im-oeffentlichen-raum\/\" class=\"more-link\"><span class=\"screen-reader-text\">\u201eBewegungspfad der BZgA regt zum Mitmachen an.  \u00dcbungen aus dem AlltagsTrainingsProgramm im \u00f6ffentlichen Raum.\u201c <\/span>weiterlesen<\/a><\/p>\n","protected":false},"author":17,"featured_media":0,"comment_status":"open","ping_status":"open","sticky":false,"template":"","format":"standard","meta":{"footnotes":""},"categories":[7088,303,1043,71],"tags":[8626,655,1595],"class_list":["post-49950","post","type-post","status-publish","format-standard","hentry","category-gesundheit","category-in-unserem-briefkasten","category-pressemitteilungen","category-sport","tag-bundeszentrale-fuer-gesundheitliche-aufklaerung","tag-pressemitteilung","tag-senioren"],"_links":{"self":[{"href":"https:\/\/www.schiebener.net\/wordpress\/wp-json\/wp\/v2\/posts\/49950","targetHints":{"allow":["GET"]}}],"collection":[{"href":"https:\/\/www.schiebener.net\/wordpress\/wp-json\/wp\/v2\/posts"}],"about":[{"href":"https:\/\/www.schiebener.net\/wordpress\/wp-json\/wp\/v2\/types\/post"}],"author":[{"embeddable":true,"href":"https:\/\/www.schiebener.net\/wordpress\/wp-json\/wp\/v2\/users\/17"}],"replies":[{"embeddable":true,"href":"https:\/\/www.schiebener.net\/wordpress\/wp-json\/wp\/v2\/comments?post=49950"}],"version-history":[{"count":0,"href":"https:\/\/www.schiebener.net\/wordpress\/wp-json\/wp\/v2\/posts\/49950\/revisions"}],"wp:attachment":[{"href":"https:\/\/www.schiebener.net\/wordpress\/wp-json\/wp\/v2\/media?parent=49950"}],"wp:term":[{"taxonomy":"category","embeddable":true,"href":"https:\/\/www.schiebener.net\/wordpress\/wp-json\/wp\/v2\/categories?post=49950"},{"taxonomy":"post_tag","embeddable":true,"href":"https:\/\/www.schiebener.net\/wordpress\/wp-json\/wp\/v2\/tags?post=49950"}],"curies":[{"name":"wp","href":"https:\/\/api.w.org\/{rel}","templated":true}]}}