{"id":49938,"date":"2021-09-28T16:37:07","date_gmt":"2021-09-28T15:37:07","guid":{"rendered":"https:\/\/www.schiebener.net\/wordpress\/?p=49938"},"modified":"2021-09-29T03:24:14","modified_gmt":"2021-09-29T02:24:14","slug":"die-blues-legende-john-mayall-muss-als-musiker-von-der-buehne","status":"publish","type":"post","link":"https:\/\/www.schiebener.net\/wordpress\/die-blues-legende-john-mayall-muss-als-musiker-von-der-buehne\/","title":{"rendered":"Die Blues-Legende JOHN MAYALL muss als Musiker von der B\u00fchne"},"content":{"rendered":"<figure id=\"attachment_49939\" aria-describedby=\"caption-attachment-49939\" style=\"width: 700px\" class=\"wp-caption aligncenter\"><a href=\"https:\/\/www.schiebener.net\/wordpress\/wp-content\/uploads\/2021\/09\/JohnMayallFarewellTour2022Truck.jpg\" target=\"_blank\" rel=\"noopener\"><img loading=\"lazy\" decoding=\"async\" class=\"wp-image-49939\" src=\"https:\/\/www.schiebener.net\/wordpress\/wp-content\/uploads\/2021\/09\/JohnMayallFarewellTour2022Truck.jpg\" alt=\"\" width=\"700\" height=\"624\" srcset=\"https:\/\/www.schiebener.net\/wordpress\/wp-content\/uploads\/2021\/09\/JohnMayallFarewellTour2022Truck.jpg 1024w, https:\/\/www.schiebener.net\/wordpress\/wp-content\/uploads\/2021\/09\/JohnMayallFarewellTour2022Truck-300x267.jpg 300w, https:\/\/www.schiebener.net\/wordpress\/wp-content\/uploads\/2021\/09\/JohnMayallFarewellTour2022Truck-768x685.jpg 768w\" sizes=\"auto, (max-width: 709px) 85vw, (max-width: 909px) 67vw, (max-width: 984px) 61vw, (max-width: 1362px) 45vw, 600px\" \/><\/a><figcaption id=\"caption-attachment-49939\" class=\"wp-caption-text\">John Mayall beendet seine B\u00fchnenkarriere. (Pressefoto)<\/figcaption><\/figure>\n<p><strong>Willingen. Mit gro\u00dfem Bedauern hat JOHN MAYALL mitgeteilt, dass er auf Anraten seiner \u00c4rzte f\u00fcr immer vom Tour Geschehen Abschied nehmen muss. Das f\u00fcr den 26. M\u00e4rz 2022 geplante Konzert in Willingen f\u00e4llt damit leider aus. <\/strong><\/p>\n<p><em>(Pressemitteilung Kemmerling-Konzerte)<\/em><\/p>\n<p>Das ist das Ende einer \u00c4ra die ann\u00e4hernd 60 Jahre w\u00e4hrte. Der als &#8218;Vater des wei\u00dfen Blues&#8216; weltweit bekannte Musiker, der Gr\u00f6\u00dfen wie Mick Jagger und Eric Clapton in seinen fr\u00fchen Bluesbreakers Formationen hatte, hat \u00fcber fast sechs Jahrzehnte den Blues salonf\u00e4hig gemacht, immer wieder neu interpretiert und Generationen von Musikern beeinflusst. &#8218;It&#8217;s been a great ride and I enjoyed every moment of it!&#8216; schrieb John zu seinem Abschied und er ist voll des Dankes an alle Veranstalter, Clubs und Medien die ihm \u00fcber die Jahre die Treue gehalten haben.<\/p>\n<p>Bereits erstandene Tickets werden an der jeweiligen entsprechenden Vorverkaufsstelle r\u00fcckerstattet.<\/p>\n<p>Der heimische Konzertveranstalter Gisbert Kemmerling bittet um Verst\u00e4ndnis, und w\u00fcnscht John weiterhin alles Gute. \u201eEs geht ein ganz Gro\u00dfer des Blues!\u201c<\/p>\n<p>Hier John&#8217;s FB page: <a href=\"https:\/\/www.facebook.com\/JohnMayall\" target=\"_blank\" rel=\"noopener\">https:\/\/www.facebook.com\/JohnMayall<\/a><\/p>\n","protected":false},"excerpt":{"rendered":"<p>Willingen. Mit gro\u00dfem Bedauern hat JOHN MAYALL mitgeteilt, dass er auf Anraten seiner \u00c4rzte f\u00fcr immer vom Tour Geschehen Abschied nehmen muss. Das f\u00fcr den 26. M\u00e4rz 2022 geplante Konzert &hellip; <a href=\"https:\/\/www.schiebener.net\/wordpress\/die-blues-legende-john-mayall-muss-als-musiker-von-der-buehne\/\" class=\"more-link\"><span class=\"screen-reader-text\">\u201eDie Blues-Legende JOHN MAYALL muss als Musiker von der B\u00fchne\u201c <\/span>weiterlesen<\/a><\/p>\n","protected":false},"author":17,"featured_media":0,"comment_status":"open","ping_status":"open","sticky":false,"template":"","format":"standard","meta":{"footnotes":""},"categories":[80,27],"tags":[8897,655],"class_list":["post-49938","post","type-post","status-publish","format-standard","hentry","category-lokales","category-musik","tag-john-mayall","tag-pressemitteilung"],"_links":{"self":[{"href":"https:\/\/www.schiebener.net\/wordpress\/wp-json\/wp\/v2\/posts\/49938","targetHints":{"allow":["GET"]}}],"collection":[{"href":"https:\/\/www.schiebener.net\/wordpress\/wp-json\/wp\/v2\/posts"}],"about":[{"href":"https:\/\/www.schiebener.net\/wordpress\/wp-json\/wp\/v2\/types\/post"}],"author":[{"embeddable":true,"href":"https:\/\/www.schiebener.net\/wordpress\/wp-json\/wp\/v2\/users\/17"}],"replies":[{"embeddable":true,"href":"https:\/\/www.schiebener.net\/wordpress\/wp-json\/wp\/v2\/comments?post=49938"}],"version-history":[{"count":0,"href":"https:\/\/www.schiebener.net\/wordpress\/wp-json\/wp\/v2\/posts\/49938\/revisions"}],"wp:attachment":[{"href":"https:\/\/www.schiebener.net\/wordpress\/wp-json\/wp\/v2\/media?parent=49938"}],"wp:term":[{"taxonomy":"category","embeddable":true,"href":"https:\/\/www.schiebener.net\/wordpress\/wp-json\/wp\/v2\/categories?post=49938"},{"taxonomy":"post_tag","embeddable":true,"href":"https:\/\/www.schiebener.net\/wordpress\/wp-json\/wp\/v2\/tags?post=49938"}],"curies":[{"name":"wp","href":"https:\/\/api.w.org\/{rel}","templated":true}]}}