{"id":4991,"date":"2009-09-28T21:01:48","date_gmt":"2009-09-28T19:01:48","guid":{"rendered":"http:\/\/www.schiebener.net\/wordpress\/?p=4991"},"modified":"2009-09-30T05:40:09","modified_gmt":"2009-09-30T03:40:09","slug":"wo-ist-karsten-rudolph-der-westen-kampft","status":"publish","type":"post","link":"https:\/\/www.schiebener.net\/wordpress\/wo-ist-karsten-rudolph-der-westen-kampft\/","title":{"rendered":"Wo ist Karsten Rudolph? Der Westen k\u00e4mpft &#8230;"},"content":{"rendered":"<h1><strong>&#8230; mit dem Lay-Out:<\/strong><\/h1>\n<h3 class=\"mceTemp mceIEcenter\">\n<dl id=\"attachment_4992\" class=\"wp-caption aligncenter\" style=\"width: 490px;\">\n<dt class=\"wp-caption-dt\"><img loading=\"lazy\" decoding=\"async\" class=\"size-full wp-image-4992\" title=\"Sensburg in der Mitte, aber wer ist Carsten Rudolph? \" src=\"http:\/\/www.schiebener.net\/wordpress\/wp-content\/uploads\/2009\/09\/btw09hsk05.png\" alt=\"Sensburg in der Mitte, aber wer ist Carsten Rudolph? \" width=\"480\" height=\"303\" srcset=\"https:\/\/www.schiebener.net\/wordpress\/wp-content\/uploads\/2009\/09\/btw09hsk05.png 480w, https:\/\/www.schiebener.net\/wordpress\/wp-content\/uploads\/2009\/09\/btw09hsk05-300x189.png 300w\" sizes=\"auto, (max-width: 480px) 85vw, 480px\" \/><\/dt>\n<dd class=\"wp-caption-dd\">\n<h3>Sensburg in der Mitte, aber wer ist Karsten Rudolph?<\/h3>\n<\/dd>\n<\/dl>\n<\/h3>\n<p>Ein lustiges Lay-Out finde ich des \u00f6fteren beim Westen, dem Online-Auftritt der WAZ-Zeitungen. Heute suggeriert die Bildunterschrift, dass sich ein gewisser Karsten Rudolph (SPD) auf der Abbildung neben Patrick Sensburg (CDU) befindet.<\/p>\n<p>Es m\u00fcsste sich dem Text folgend um den jungen <span style=\"text-decoration: line-through;\">Stephen-Hawking-Verschnitt <\/span>links handeln.<\/p>\n<p>Um ganz, ganz sicher zu gehen und keinen Fehler zu machen, habe ich auf der Website von Karsten Rudolph nachgeguckt und dort sein Bild gefunden:<\/p>\n<figure id=\"attachment_4993\" aria-describedby=\"caption-attachment-4993\" style=\"width: 170px\" class=\"wp-caption alignright\"><img loading=\"lazy\" decoding=\"async\" class=\"size-full wp-image-4993\" title=\"Karsten Rudolph, SPD\" src=\"http:\/\/www.schiebener.net\/wordpress\/wp-content\/uploads\/2009\/09\/karsten_rudolph_portrait_736.jpg\" alt=\"Karsten Rudolph, SPD\" width=\"170\" height=\"250\" \/><figcaption id=\"caption-attachment-4993\" class=\"wp-caption-text\">Karsten Rudolph, SPD<\/figcaption><\/figure>\n<p>Also ich wei\u00df nicht. Die Brille und die Jacke. Das k\u00f6nnte schon hinkommen. Der offene Hemdkragen.<\/p>\n<p>Aber selbst, wenn Karsten Rudolph nach der SPD Wahlniederlage ganz f\u00fcrchterlich seine Identit\u00e4t gewechselt h\u00e4tte, <span style=\"text-decoration: line-through;\">w\u00fcrde er doch nicht aussehen wie Stephen Hawking.<\/span><\/p>\n<p>So sieht das aus im Westen, wenn Inhalte lieblos in die Online-Gef\u00e4\u00dfe gegossen werden.<\/p>\n<p>Der Nachfolger von Katharina Borchert muss in Zukunft an solch kleinen Problemen t\u00fcfteln.<\/p>\n<p>Viel Spa\u00df! Es gibt einiges zu tun \ud83d\ude09<\/p>\n","protected":false},"excerpt":{"rendered":"<p>&#8230; mit dem Lay-Out: Sensburg in der Mitte, aber wer ist Karsten Rudolph? Ein lustiges Lay-Out finde ich des \u00f6fteren beim Westen, dem Online-Auftritt der WAZ-Zeitungen. Heute suggeriert die Bildunterschrift, &hellip; <a href=\"https:\/\/www.schiebener.net\/wordpress\/wo-ist-karsten-rudolph-der-westen-kampft\/\" class=\"more-link\"><span class=\"screen-reader-text\">\u201eWo ist Karsten Rudolph? Der Westen k\u00e4mpft &#8230;\u201c <\/span>weiterlesen<\/a><\/p>\n","protected":false},"author":3,"featured_media":0,"comment_status":"open","ping_status":"open","sticky":false,"template":"","format":"standard","meta":{"footnotes":""},"categories":[80,32],"tags":[198,259,202,340],"class_list":["post-4991","post","type-post","status-publish","format-standard","hentry","category-lokales","category-medien","tag-der-westen","tag-katharina-borchert","tag-waz","tag-westfalenpost"],"_links":{"self":[{"href":"https:\/\/www.schiebener.net\/wordpress\/wp-json\/wp\/v2\/posts\/4991","targetHints":{"allow":["GET"]}}],"collection":[{"href":"https:\/\/www.schiebener.net\/wordpress\/wp-json\/wp\/v2\/posts"}],"about":[{"href":"https:\/\/www.schiebener.net\/wordpress\/wp-json\/wp\/v2\/types\/post"}],"author":[{"embeddable":true,"href":"https:\/\/www.schiebener.net\/wordpress\/wp-json\/wp\/v2\/users\/3"}],"replies":[{"embeddable":true,"href":"https:\/\/www.schiebener.net\/wordpress\/wp-json\/wp\/v2\/comments?post=4991"}],"version-history":[{"count":0,"href":"https:\/\/www.schiebener.net\/wordpress\/wp-json\/wp\/v2\/posts\/4991\/revisions"}],"wp:attachment":[{"href":"https:\/\/www.schiebener.net\/wordpress\/wp-json\/wp\/v2\/media?parent=4991"}],"wp:term":[{"taxonomy":"category","embeddable":true,"href":"https:\/\/www.schiebener.net\/wordpress\/wp-json\/wp\/v2\/categories?post=4991"},{"taxonomy":"post_tag","embeddable":true,"href":"https:\/\/www.schiebener.net\/wordpress\/wp-json\/wp\/v2\/tags?post=4991"}],"curies":[{"name":"wp","href":"https:\/\/api.w.org\/{rel}","templated":true}]}}