{"id":49895,"date":"2021-09-27T10:40:54","date_gmt":"2021-09-27T09:40:54","guid":{"rendered":"https:\/\/www.schiebener.net\/wordpress\/?p=49895"},"modified":"2021-09-27T10:46:05","modified_gmt":"2021-09-27T09:46:05","slug":"corona-virus-im-hochsauerlandkreis-35-neuinfizierte-1-genesener-9-stationaer-die-7-tage-inzidenz-betraegt-440","status":"publish","type":"post","link":"https:\/\/www.schiebener.net\/wordpress\/corona-virus-im-hochsauerlandkreis-35-neuinfizierte-1-genesener-9-stationaer-die-7-tage-inzidenz-betraegt-440\/","title":{"rendered":"Corona-Virus im Hochsauerlandkreis: 35 Neuinfizierte, 1 Genesener, 9 station\u00e4r. Die 7-Tage-Inzidenz betr\u00e4gt 44,0."},"content":{"rendered":"<p><img loading=\"lazy\" decoding=\"async\" src=\"https:\/\/www.schiebener.net\/wordpress\/wp-content\/uploads\/2009\/02\/lt_briefkasten01.jpg\" alt=\"In unserem Briefkasten\" width=\"120\" height=\"91\" class=\"alignleft size-full wp-image-2182\" \/><strong>\u00dcber das Wochenende gab es mit Stand von Montag, 27. September, 9 Uhr, kreisweit 35 Neuinfizierte und einen Genesenen. Die 7-Tage-Inzidenz betr\u00e4gt 44,0 (Stand 27. September, 0 Uhr).<\/strong><\/p>\n<p><em>(Pressemitteilung HSK)<\/em><\/p>\n<p>Damit sind es aktuell 229 Infizierte, 10.838 Genesene und 11.276 best\u00e4tigte F\u00e4lle. Station\u00e4r werden neun Personen behandelt, drei intensivmedizinisch und drei Personen werden beatmet. Der Hochsauerlandkreis muss drei weitere Todesf\u00e4lle vermelden. Am 23. September sind ein 70-j\u00e4hriger Mann und ein 79-j\u00e4hriger Mann aus Arnsberg verstorben und am 24. September ein 81-j\u00e4hriger Mann aus Marsberg. Damit sind es jetzt 209 Sterbef\u00e4lle in Verbindung mit einer Corona-Infektion.<\/p>\n<p>Betroffen sind aktuell 12 Schulen und zwei Kindertagesst\u00e4tten. Alle 229 infizierten Personen verteilen sich insgesamt wie folgt auf die St\u00e4dte und Gemeinden: Arnsberg (83), Bestwig (4), Brilon (23), Eslohe (1), Hallenberg (3), Marsberg (24), Medebach (2), Meschede (27), Olsberg (3), Schmallenberg (4), Sundern (35) und Winterberg (20).<\/p>\n","protected":false},"excerpt":{"rendered":"<p>\u00dcber das Wochenende gab es mit Stand von Montag, 27. September, 9 Uhr, kreisweit 35 Neuinfizierte und einen Genesenen. Die 7-Tage-Inzidenz betr\u00e4gt 44,0 (Stand 27. September, 0 Uhr). (Pressemitteilung HSK) &hellip; <a href=\"https:\/\/www.schiebener.net\/wordpress\/corona-virus-im-hochsauerlandkreis-35-neuinfizierte-1-genesener-9-stationaer-die-7-tage-inzidenz-betraegt-440\/\" class=\"more-link\"><span class=\"screen-reader-text\">\u201eCorona-Virus im Hochsauerlandkreis: 35 Neuinfizierte, 1 Genesener, 9 station\u00e4r. Die 7-Tage-Inzidenz betr\u00e4gt 44,0.\u201c <\/span>weiterlesen<\/a><\/p>\n","protected":false},"author":17,"featured_media":0,"comment_status":"open","ping_status":"open","sticky":false,"template":"","format":"standard","meta":{"footnotes":""},"categories":[7088,303,80,1043],"tags":[8645,8580,8610,655],"class_list":["post-49895","post","type-post","status-publish","format-standard","hentry","category-gesundheit","category-in-unserem-briefkasten","category-lokales","category-pressemitteilungen","tag-corona-krise","tag-covid-19","tag-pandemie","tag-pressemitteilung"],"_links":{"self":[{"href":"https:\/\/www.schiebener.net\/wordpress\/wp-json\/wp\/v2\/posts\/49895","targetHints":{"allow":["GET"]}}],"collection":[{"href":"https:\/\/www.schiebener.net\/wordpress\/wp-json\/wp\/v2\/posts"}],"about":[{"href":"https:\/\/www.schiebener.net\/wordpress\/wp-json\/wp\/v2\/types\/post"}],"author":[{"embeddable":true,"href":"https:\/\/www.schiebener.net\/wordpress\/wp-json\/wp\/v2\/users\/17"}],"replies":[{"embeddable":true,"href":"https:\/\/www.schiebener.net\/wordpress\/wp-json\/wp\/v2\/comments?post=49895"}],"version-history":[{"count":0,"href":"https:\/\/www.schiebener.net\/wordpress\/wp-json\/wp\/v2\/posts\/49895\/revisions"}],"wp:attachment":[{"href":"https:\/\/www.schiebener.net\/wordpress\/wp-json\/wp\/v2\/media?parent=49895"}],"wp:term":[{"taxonomy":"category","embeddable":true,"href":"https:\/\/www.schiebener.net\/wordpress\/wp-json\/wp\/v2\/categories?post=49895"},{"taxonomy":"post_tag","embeddable":true,"href":"https:\/\/www.schiebener.net\/wordpress\/wp-json\/wp\/v2\/tags?post=49895"}],"curies":[{"name":"wp","href":"https:\/\/api.w.org\/{rel}","templated":true}]}}