{"id":49791,"date":"2021-09-14T10:33:17","date_gmt":"2021-09-14T09:33:17","guid":{"rendered":"https:\/\/www.schiebener.net\/wordpress\/?p=49791"},"modified":"2021-09-14T10:33:17","modified_gmt":"2021-09-14T09:33:17","slug":"sauerland-museum-arnsberg-fuehrungen-fuer-menschen-mit-und-ohne-demenz","status":"publish","type":"post","link":"https:\/\/www.schiebener.net\/wordpress\/sauerland-museum-arnsberg-fuehrungen-fuer-menschen-mit-und-ohne-demenz\/","title":{"rendered":"Sauerland-Museum Arnsberg: F\u00fchrungen f\u00fcr Menschen mit und ohne Demenz"},"content":{"rendered":"<figure id=\"attachment_49792\" aria-describedby=\"caption-attachment-49792\" style=\"width: 700px\" class=\"wp-caption aligncenter\"><img loading=\"lazy\" decoding=\"async\" class=\"wp-image-49792\" src=\"https:\/\/www.schiebener.net\/wordpress\/wp-content\/uploads\/2021\/09\/20210914SauerlandmuseumKlein.jpg\" alt=\"\" width=\"700\" height=\"466\" srcset=\"https:\/\/www.schiebener.net\/wordpress\/wp-content\/uploads\/2021\/09\/20210914SauerlandmuseumKlein.jpg 1024w, https:\/\/www.schiebener.net\/wordpress\/wp-content\/uploads\/2021\/09\/20210914SauerlandmuseumKlein-300x200.jpg 300w, https:\/\/www.schiebener.net\/wordpress\/wp-content\/uploads\/2021\/09\/20210914SauerlandmuseumKlein-768x512.jpg 768w\" sizes=\"auto, (max-width: 709px) 85vw, (max-width: 909px) 67vw, (max-width: 984px) 61vw, (max-width: 1362px) 45vw, 600px\" \/><figcaption id=\"caption-attachment-49792\" class=\"wp-caption-text\">Weckt Erinnerungen: der Wirtschaftsraum in der Dauerausstellung des Sauerland-Museums (Foto: GEHRMANN)<\/figcaption><\/figure>\n<p><strong>Das Sauerland-Museum in Arnsberg bietet am kommenden Freitag, den 17. September, eine besondere F\u00fchrung an. Menschen mit Demenz und ihre Begleiter werden eingeladen, die Dauerausstellung zur Geschichte des Sauerlands kennenzulernen.<\/strong><\/p>\n<p><em>(Pressemitteilung HSK)<\/em><\/p>\n<p>Nach einem bewussten Ankommen im Museum f\u00fchrt ein qualifizierter Guide die G\u00e4ste in die Ausstellungsr\u00e4ume. Hier werden einzelne Exponate erlebbar besprochen. Die Objekte sind so ausgew\u00e4hlt, dass sie Erinnerungen aufsp\u00fcren und an eigene Erlebnisse und Gef\u00fchle ankn\u00fcpfen.<\/p>\n<p>Die F\u00fchrung beginnt am 17. September um 15 Uhr und dauert 60 Minuten. Der Ausstellungsbesuch beginnt erst, nachdem sich alle G\u00e4ste an die R\u00e4umlichkeit und die Gruppe gew\u00f6hnt haben.<\/p>\n<p>F\u00fcr die Teilnahme an der F\u00fchrung ist eine Anmeldung erforderlich und ein 3G-Nachweis an der Museumsrezeption vorzuzeigen. Die Anmeldung nimmt das Museumsteam an per E-Mail unter <a href=\"mailto:sauerlandmuseum@hochsauerlandkreis.de\" target=\"_blank\" rel=\"noopener\">sauerlandmuseum@hochsauerlandkreis.de<\/a> oder telefonisch 02931 94-4444.<\/p>\n","protected":false},"excerpt":{"rendered":"<p>Das Sauerland-Museum in Arnsberg bietet am kommenden Freitag, den 17. September, eine besondere F\u00fchrung an. Menschen mit Demenz und ihre Begleiter werden eingeladen, die Dauerausstellung zur Geschichte des Sauerlands kennenzulernen. &hellip; <a href=\"https:\/\/www.schiebener.net\/wordpress\/sauerland-museum-arnsberg-fuehrungen-fuer-menschen-mit-und-ohne-demenz\/\" class=\"more-link\"><span class=\"screen-reader-text\">\u201eSauerland-Museum Arnsberg: F\u00fchrungen f\u00fcr Menschen mit und ohne Demenz\u201c <\/span>weiterlesen<\/a><\/p>\n","protected":false},"author":17,"featured_media":0,"comment_status":"open","ping_status":"open","sticky":false,"template":"","format":"standard","meta":{"footnotes":""},"categories":[303,674,80,1043],"tags":[1350,7777,1943],"class_list":["post-49791","post","type-post","status-publish","format-standard","hentry","category-in-unserem-briefkasten","category-kultur","category-lokales","category-pressemitteilungen","tag-arnsberg","tag-behinderte","tag-sauerlandmuseum"],"_links":{"self":[{"href":"https:\/\/www.schiebener.net\/wordpress\/wp-json\/wp\/v2\/posts\/49791","targetHints":{"allow":["GET"]}}],"collection":[{"href":"https:\/\/www.schiebener.net\/wordpress\/wp-json\/wp\/v2\/posts"}],"about":[{"href":"https:\/\/www.schiebener.net\/wordpress\/wp-json\/wp\/v2\/types\/post"}],"author":[{"embeddable":true,"href":"https:\/\/www.schiebener.net\/wordpress\/wp-json\/wp\/v2\/users\/17"}],"replies":[{"embeddable":true,"href":"https:\/\/www.schiebener.net\/wordpress\/wp-json\/wp\/v2\/comments?post=49791"}],"version-history":[{"count":0,"href":"https:\/\/www.schiebener.net\/wordpress\/wp-json\/wp\/v2\/posts\/49791\/revisions"}],"wp:attachment":[{"href":"https:\/\/www.schiebener.net\/wordpress\/wp-json\/wp\/v2\/media?parent=49791"}],"wp:term":[{"taxonomy":"category","embeddable":true,"href":"https:\/\/www.schiebener.net\/wordpress\/wp-json\/wp\/v2\/categories?post=49791"},{"taxonomy":"post_tag","embeddable":true,"href":"https:\/\/www.schiebener.net\/wordpress\/wp-json\/wp\/v2\/tags?post=49791"}],"curies":[{"name":"wp","href":"https:\/\/api.w.org\/{rel}","templated":true}]}}