{"id":4973,"date":"2009-09-28T15:45:24","date_gmt":"2009-09-28T13:45:24","guid":{"rendered":"http:\/\/www.schiebener.net\/wordpress\/?p=4973"},"modified":"2009-09-28T17:42:40","modified_gmt":"2009-09-28T15:42:40","slug":"aktuell-katharina-borchert-wird-neue-geschaftsfuhrerin-von-spiegel-online","status":"publish","type":"post","link":"https:\/\/www.schiebener.net\/wordpress\/aktuell-katharina-borchert-wird-neue-geschaftsfuhrerin-von-spiegel-online\/","title":{"rendered":"Aktuell: Katharina Borchert wird neue Gesch\u00e4ftsf\u00fchrerin von SPIEGEL ONLINE"},"content":{"rendered":"<p><img loading=\"lazy\" decoding=\"async\" class=\"size-full wp-image-2182 alignleft\" src=\"http:\/\/www.schiebener.net\/wordpress\/wp-content\/uploads\/2009\/02\/lt_briefkasten01.jpg\" alt=\"\" width=\"120\" height=\"91\" \/> <strong>Katharina Borchert (36), Chefredakteurin von DerWesten.de, dem Internetportal der WAZ Mediengruppe, und Gesch\u00e4ftsf\u00fchrerin der Online-Tochter WAZ NewMedia, \u00fcbernimmt zum 1. April 2010 die Gesch\u00e4ftsf\u00fchrung der SPIEGEL ONLINE GmbH, einem Unternehmen der SPIEGELnet GmbH.<\/strong><\/p>\n<p>Damit ist bewiesen, dass demjenigen, der sich hier im Blog mit mir streitet, eine gro\u00dfe berufliche Karriere vor die F\u00fc\u00dfe gelegt ist. Guckt mal<a href=\"http:\/\/www.schiebener.net\/wordpress\/?p=1123\" target=\"_blank\"> <\/a><a href=\"http:\/\/www.schiebener.net\/wordpress\/?p=986\" target=\"_blank\">dort<\/a> oder <a href=\"http:\/\/www.schiebener.net\/wordpress\/?p=1123\" target=\"_blank\">hier<\/a> \ud83d\ude09 Im WAZ-Protestblog der Gewerkschaften schlug ihr w\u00e4hrend ihres Wirkens <a href=\"http:\/\/www.medienmoral-nrw.de\/2008\/11\/waz-gruppe-erwagt-online-zukaufe\/\" target=\"_blank\">eine gewisse Hassliebe entgegen.<\/a> Viele wurden nicht damit fertig, dass ein mutma\u00dflicher CDU Protege ohne abgeschlossenes Studium eine derart steile Karriere macht.<\/p>\n<p>Sei es drum. Aus dem Joschka ist auch was geworden, und Hamburg, wenn es denn dorthin ginge, ist eine sehr sch\u00f6ne Stadt.<\/p>\n<p>Ernst geht es weiter:<\/p>\n<p>\u00e2\u20ac\u017eWir freuen uns, dass wir mit Katharina Borchert eine ausgewiesene Internet-Expertin ge-<br \/>\nwinnen konnten, die an der Schnittstelle zwischen Redaktion und kaufm\u00e4nnischem Bereich<br \/>\nden Ausbau unserer publizistischen Online-Angebote vorantreiben wird\u00e2\u20ac\u0153, sagt Fried von<br \/>\nBismarck, Gesch\u00e4ftsf\u00fchrer der SPIEGELnet GmbH.<!--more--><br \/>\n\u00e2\u20ac\u017eKatharina Borchert hat bei unserem Online-Dienst gro\u00dfartige Aufbauarbeit geleistet\u00e2\u20ac\u0153, sagt<br \/>\nBodo Hombach, Gesch\u00e4ftsf\u00fchrer der WAZ Mediengruppe, zum anstehenden Wechsel. \u00e2\u20ac\u017eDer-<br \/>\nWesten ist mit ihr gewachsen und Katharina Borchert mit und bei uns. Ihr Karrieresprung ist<br \/>\nlogische Folge dieser positiven Entwicklung. Dass sie nun das Team wechselt, sehe ich mit<br \/>\neinem weinenden und einem lachenden Auge. Mit einem weinenden, weil sie eine L\u00fccke<br \/>\nhinterl\u00e4sst, die gef\u00fcllt werden muss. Mit einem lachenden, weil ich ihr nach der gro\u00dfen Leis-<br \/>\ntung bei uns pers\u00f6nlich eine optimale Entwicklung w\u00fcnsche. Wir waren mit ihr ein gutes<br \/>\nTeam und werden nun beweisen, dass es in neuer Zusammensetzung mit DerWesten weiter<br \/>\naufw\u00e4rts geht. Gl\u00fcckauf f\u00fcr Katharina Borchert und unser Team bei DerWesten.\u00e2\u20ac\u0153<br \/>\nKatharina Borchert studierte Jura und Journalistik in Hamburg und Lausanne. Daneben<br \/>\nschrieb sie seit Mitte der 90er Jahre f\u00fcr verschiedene Publikationen, u.a. f\u00fcr die \u00e2\u20ac\u017eFrankfurter<br \/>\nAllgemeine Zeitung\u00e2\u20ac\u0153, die \u00e2\u20ac\u017eWelt am Sonntag\u00e2\u20ac\u0153 und \u00e2\u20ac\u017ec \u00cc\u0081t\u00e2\u20ac\u0153 \u00fcber das Internet und die New Econo-<br \/>\nmy. 2002 startete sie ihr Blog \u00e2\u20ac\u017e<a href=\"http:\/\/www.lyssas-lounge.de\" target=\"_blank\">Lyssas Lounge<\/a>\u00e2\u20ac\u0153, das mehrfach ausgezeichnet wurde. Mitte<br \/>\n2006 beauftragte sie die WAZ Mediengruppe aus Essen als Chefredakteurin Online, ein<br \/>\nKonzept f\u00fcr ein neues Regionalportal in Nordrhein-Westfalen zu entwickeln. Im Laufe des<br \/>\nJahres 2007 entstand das Portal DerWesten.de. Seit 2008 ist Katharina Borchert Gesch\u00e4fts-<br \/>\nf\u00fchrerin der WAZ NewMedia GmbH und verantwortet als Mitglied der Gesch\u00e4ftsleitung der<br \/>\nWAZ Mediengruppe deren gesamtes Online-Gesch\u00e4ft.<\/p>\n","protected":false},"excerpt":{"rendered":"<p>Katharina Borchert (36), Chefredakteurin von DerWesten.de, dem Internetportal der WAZ Mediengruppe, und Gesch\u00e4ftsf\u00fchrerin der Online-Tochter WAZ NewMedia, \u00fcbernimmt zum 1. April 2010 die Gesch\u00e4ftsf\u00fchrung der SPIEGEL ONLINE GmbH, einem Unternehmen &hellip; <a href=\"https:\/\/www.schiebener.net\/wordpress\/aktuell-katharina-borchert-wird-neue-geschaftsfuhrerin-von-spiegel-online\/\" class=\"more-link\"><span class=\"screen-reader-text\">\u201eAktuell: Katharina Borchert wird neue Gesch\u00e4ftsf\u00fchrerin von SPIEGEL ONLINE\u201c <\/span>weiterlesen<\/a><\/p>\n","protected":false},"author":3,"featured_media":0,"comment_status":"open","ping_status":"open","sticky":false,"template":"","format":"standard","meta":{"footnotes":""},"categories":[32],"tags":[259,843,842,202,380],"class_list":["post-4973","post","type-post","status-publish","format-standard","hentry","category-medien","tag-katharina-borchert","tag-medienmoral","tag-spiegel-online","tag-waz","tag-waz-krise"],"_links":{"self":[{"href":"https:\/\/www.schiebener.net\/wordpress\/wp-json\/wp\/v2\/posts\/4973","targetHints":{"allow":["GET"]}}],"collection":[{"href":"https:\/\/www.schiebener.net\/wordpress\/wp-json\/wp\/v2\/posts"}],"about":[{"href":"https:\/\/www.schiebener.net\/wordpress\/wp-json\/wp\/v2\/types\/post"}],"author":[{"embeddable":true,"href":"https:\/\/www.schiebener.net\/wordpress\/wp-json\/wp\/v2\/users\/3"}],"replies":[{"embeddable":true,"href":"https:\/\/www.schiebener.net\/wordpress\/wp-json\/wp\/v2\/comments?post=4973"}],"version-history":[{"count":0,"href":"https:\/\/www.schiebener.net\/wordpress\/wp-json\/wp\/v2\/posts\/4973\/revisions"}],"wp:attachment":[{"href":"https:\/\/www.schiebener.net\/wordpress\/wp-json\/wp\/v2\/media?parent=4973"}],"wp:term":[{"taxonomy":"category","embeddable":true,"href":"https:\/\/www.schiebener.net\/wordpress\/wp-json\/wp\/v2\/categories?post=4973"},{"taxonomy":"post_tag","embeddable":true,"href":"https:\/\/www.schiebener.net\/wordpress\/wp-json\/wp\/v2\/tags?post=4973"}],"curies":[{"name":"wp","href":"https:\/\/api.w.org\/{rel}","templated":true}]}}