{"id":49692,"date":"2021-09-02T16:09:58","date_gmt":"2021-09-02T15:09:58","guid":{"rendered":"https:\/\/www.schiebener.net\/wordpress\/?p=49692"},"modified":"2021-09-02T16:09:58","modified_gmt":"2021-09-02T15:09:58","slug":"r-i-p-mikis-theodorakis-29-juli-1925-auf-der-insel-chios-griechenland-%e2%80%a0-2-september-2021-in-athen","status":"publish","type":"post","link":"https:\/\/www.schiebener.net\/wordpress\/r-i-p-mikis-theodorakis-29-juli-1925-auf-der-insel-chios-griechenland-%e2%80%a0-2-september-2021-in-athen\/","title":{"rendered":"R.I.P. Mikis Theodorakis (* 29. Juli 1925 auf der Insel Chios, Griechenland; \u2020 2. September 2021 in Athen)"},"content":{"rendered":"<div class=\"video-wrapped video-wrapped-video video-wrapped-yt\" style=\"width: 840px; min-height: 473px; background-image: url('https:\/\/www.schiebener.net\/wordpress\/wp-content\/plugins\/wp-video-embed-privacy-master\/preview\/yt\/wGliDjpkzZ0.jpg?s=419443925935c83833f5450b9048e421a9944fcf29e721c68aa89fc714d4fec3')\" data-embed-frame=\"&lt;iframe title=&quot;Mikis Theodorakis - Pablo Neruda: Canto General&quot; width=&quot;840&quot; height=&quot;473&quot; src=&quot;https:\/\/www.youtube-nocookie.com\/embed\/wGliDjpkzZ0?feature=oembed&quot; frameborder=&quot;0&quot; allow=&quot;accelerometer; autoplay; clipboard-write; encrypted-media; gyroscope; picture-in-picture; web-share&quot; referrerpolicy=&quot;strict-origin-when-cross-origin&quot; allowfullscreen&gt;&lt;\/iframe&gt;\" data-embed-play=\"&lt;span&gt;Video abspielen&lt;\/span&gt;&lt;div class=&quot;small&quot;&gt;&lt;span&gt;Das Video wird von Youtube eingebettet. Es gelten die &lt;a href=&quot;https:\/\/www.google.com\/intl\/de\/policies\/privacy\/&quot; target=&quot;_blank&quot;&gt;Datenschutzerkl\u00e4rungen von Google&lt;\/a&gt;.&lt;\/span&gt;&lt;\/div&gt;\">\n<div class=\"video-wrapped-nojs\"><span>Aktivieren Sie JavaScript um das Video zu sehen.<br \/>Video-Link: <a href=\"https:\/\/www.youtube.com\/watch?v=wGliDjpkzZ0\">https:\/\/www.youtube.com\/watch?v=wGliDjpkzZ0<\/a><\/span><\/div>\n<\/div>\n<p>&nbsp;<\/p>\n<blockquote><p>&#8222;Mikis Theodorakis war ein griechischer Komponist, Schriftsteller und Politiker. In seiner Heimat wurde er als Volksheld verehrt. Theodorakis galt als der bekannteste griechische Komponist des 20. Jahrhunderts. Besonders seine Filmmusiken zu Alexis Sorbas (mit Sirtaki), Z und Serpico sowie die Vertonung des Canto General nach Versen von Pablo Neruda machten ihn weltweit bekannt. Zu seinem \u00fcber 1000 Werke umfassenden Schaffen z\u00e4hlen symphonische Kompositionen und eine Vielzahl von Liedern. Daneben wurde er durch sein politisches Engagement bekannt.<\/p>\n<p>W\u00e4hrend des Zweiten Weltkriegs war er Widerstandsk\u00e4mpfer gegen den Nationalsozialismus und k\u00e4mpfte beim anschlie\u00dfenden Griechischen B\u00fcrgerkrieg mit den Linken, weshalb er sp\u00e4ter in einem Lager interniert und schwer gefoltert wurde. Gegen die Milit\u00e4rdiktatur ging er in den Widerstand und wurde festgenommen und schwer gefoltert; er durfte auf internationalen Druck ausreisen und lebte bis 1974 im Pariser Exil. In den fr\u00fchen 1960er und in den 1980er Jahren wurde Theodorakis in das griechische Parlament gew\u00e4hlt.&#8220;<\/p><\/blockquote>\n<p>Quelle: <a href=\"https:\/\/de.wikipedia.org\/wiki\/Mikis_Theodorakis\" rel=\"noopener\" target=\"_blank\">https:\/\/de.wikipedia.org\/wiki\/Mikis_Theodorakis<\/a>2<\/p>\n<p>Der Canto General steht bei uns im Plattenschrank. In den 80er Jahren des letzten Jahrtausends habe ich Maria Farantouri und Pedros Pandis auf einem der damals zahlreichen politischen Gro\u00df-Festivals live erlebt, die Filme Alexis Sorbas und Z &#8222;selbstverst\u00e4ndlich&#8220; im Kino gesehen. Politischer Zeitgeist.<\/p>\n<p>Was bleibt?<\/p>\n<p>Die mitrei\u00dfende Musik des Canto General und der Auftrag an mich selbst, sich mit den politischen Menschen Pablo Neruda und Mikis Theodorakis aus der zeitlichen Distanz zu besch\u00e4ftigen.<\/p>\n<p>Und bei euch?<\/p>\n","protected":false},"excerpt":{"rendered":"<p>Aktivieren Sie JavaScript um das Video zu sehen.Video-Link: https:\/\/www.youtube.com\/watch?v=wGliDjpkzZ0 &nbsp; &#8222;Mikis Theodorakis war ein griechischer Komponist, Schriftsteller und Politiker. In seiner Heimat wurde er als Volksheld verehrt. Theodorakis galt als &hellip; <a href=\"https:\/\/www.schiebener.net\/wordpress\/r-i-p-mikis-theodorakis-29-juli-1925-auf-der-insel-chios-griechenland-%e2%80%a0-2-september-2021-in-athen\/\" class=\"more-link\"><span class=\"screen-reader-text\">\u201eR.I.P. Mikis Theodorakis (* 29. Juli 1925 auf der Insel Chios, Griechenland; \u2020 2. September 2021 in Athen)\u201c <\/span>weiterlesen<\/a><\/p>\n","protected":false},"author":3,"featured_media":0,"comment_status":"open","ping_status":"open","sticky":false,"template":"","format":"standard","meta":{"footnotes":""},"categories":[319,6,674,27],"tags":[7913],"class_list":["post-49692","post","type-post","status-publish","format-standard","hentry","category-geschichte","category-kalenderblatt","category-kultur","category-musik","tag-nachruf"],"_links":{"self":[{"href":"https:\/\/www.schiebener.net\/wordpress\/wp-json\/wp\/v2\/posts\/49692","targetHints":{"allow":["GET"]}}],"collection":[{"href":"https:\/\/www.schiebener.net\/wordpress\/wp-json\/wp\/v2\/posts"}],"about":[{"href":"https:\/\/www.schiebener.net\/wordpress\/wp-json\/wp\/v2\/types\/post"}],"author":[{"embeddable":true,"href":"https:\/\/www.schiebener.net\/wordpress\/wp-json\/wp\/v2\/users\/3"}],"replies":[{"embeddable":true,"href":"https:\/\/www.schiebener.net\/wordpress\/wp-json\/wp\/v2\/comments?post=49692"}],"version-history":[{"count":0,"href":"https:\/\/www.schiebener.net\/wordpress\/wp-json\/wp\/v2\/posts\/49692\/revisions"}],"wp:attachment":[{"href":"https:\/\/www.schiebener.net\/wordpress\/wp-json\/wp\/v2\/media?parent=49692"}],"wp:term":[{"taxonomy":"category","embeddable":true,"href":"https:\/\/www.schiebener.net\/wordpress\/wp-json\/wp\/v2\/categories?post=49692"},{"taxonomy":"post_tag","embeddable":true,"href":"https:\/\/www.schiebener.net\/wordpress\/wp-json\/wp\/v2\/tags?post=49692"}],"curies":[{"name":"wp","href":"https:\/\/api.w.org\/{rel}","templated":true}]}}