{"id":49655,"date":"2021-08-30T10:37:00","date_gmt":"2021-08-30T09:37:00","guid":{"rendered":"https:\/\/www.schiebener.net\/wordpress\/?p=49655"},"modified":"2021-08-30T10:37:00","modified_gmt":"2021-08-30T09:37:00","slug":"corona-virus-im-hochsauerlandkreis-93-neuinfizierte-42-genesene-5-stationaer-die-7-tage-inzidenz-betraegt-807","status":"publish","type":"post","link":"https:\/\/www.schiebener.net\/wordpress\/corona-virus-im-hochsauerlandkreis-93-neuinfizierte-42-genesene-5-stationaer-die-7-tage-inzidenz-betraegt-807\/","title":{"rendered":"Corona-Virus im Hochsauerlandkreis: 93 Neuinfizierte, 42 Genesene, 5 station\u00e4r. Die 7-Tage-Inzidenz betr\u00e4gt 80,7."},"content":{"rendered":"<p><img loading=\"lazy\" decoding=\"async\" src=\"https:\/\/www.schiebener.net\/wordpress\/wp-content\/uploads\/2009\/02\/lt_briefkasten01.jpg\" alt=\"In unserem Briefkasten\" width=\"120\" height=\"91\" class=\"alignleft size-full wp-image-2182\" \/><strong>\u00dcber das Wochenende gab es mit Stand von Montag, 30. August, 9 Uhr, kreisweit 93 Neuinfizierte und 42 Genesene. Die 7-Tage-Inzidenz betr\u00e4gt 80,7 (Stand 30. August, 0 Uhr).<\/strong><\/p>\n<p><em>(Pressemitteilung HSK)<\/em><\/p>\n<p>Damit sind es aktuell 390 Infizierte, 9.976 Genesene sowie 204 Sterbef\u00e4lle in Verbindung mit einer Corona-Infektion. Station\u00e4r werden f\u00fcnf Personen behandelt, zwei intensivmedizinisch und beatmet. Die Zahl aller best\u00e4tigten F\u00e4lle betr\u00e4gt 10.570.<\/p>\n<p>In den elf neu hinzugekommenen Schulen, von nun insgesamt 38, wurde f\u00fcr null bis 44 Personen eine Quarant\u00e4ne angeordnet bei jeweils einer positiv getesteten Person.<\/p>\n<p>Die Infizierten verteilen sich insgesamt wie folgt auf die St\u00e4dte und Gemeinden: Arnsberg (133), Bestwig (16), Brilon (28), Eslohe (7), Hallenberg (3), Marsberg (29), Medebach (9), Meschede (61), Olsberg (10), Schmallenberg (26), Sundern (59) und Winterberg (9).<\/p>\n","protected":false},"excerpt":{"rendered":"<p>\u00dcber das Wochenende gab es mit Stand von Montag, 30. August, 9 Uhr, kreisweit 93 Neuinfizierte und 42 Genesene. Die 7-Tage-Inzidenz betr\u00e4gt 80,7 (Stand 30. August, 0 Uhr). (Pressemitteilung HSK) &hellip; <a href=\"https:\/\/www.schiebener.net\/wordpress\/corona-virus-im-hochsauerlandkreis-93-neuinfizierte-42-genesene-5-stationaer-die-7-tage-inzidenz-betraegt-807\/\" class=\"more-link\"><span class=\"screen-reader-text\">\u201eCorona-Virus im Hochsauerlandkreis: 93 Neuinfizierte, 42 Genesene, 5 station\u00e4r. Die 7-Tage-Inzidenz betr\u00e4gt 80,7.\u201c <\/span>weiterlesen<\/a><\/p>\n","protected":false},"author":17,"featured_media":0,"comment_status":"open","ping_status":"open","sticky":false,"template":"","format":"standard","meta":{"footnotes":""},"categories":[7088,303,80,1043],"tags":[8645,8580,8610,655],"class_list":["post-49655","post","type-post","status-publish","format-standard","hentry","category-gesundheit","category-in-unserem-briefkasten","category-lokales","category-pressemitteilungen","tag-corona-krise","tag-covid-19","tag-pandemie","tag-pressemitteilung"],"_links":{"self":[{"href":"https:\/\/www.schiebener.net\/wordpress\/wp-json\/wp\/v2\/posts\/49655","targetHints":{"allow":["GET"]}}],"collection":[{"href":"https:\/\/www.schiebener.net\/wordpress\/wp-json\/wp\/v2\/posts"}],"about":[{"href":"https:\/\/www.schiebener.net\/wordpress\/wp-json\/wp\/v2\/types\/post"}],"author":[{"embeddable":true,"href":"https:\/\/www.schiebener.net\/wordpress\/wp-json\/wp\/v2\/users\/17"}],"replies":[{"embeddable":true,"href":"https:\/\/www.schiebener.net\/wordpress\/wp-json\/wp\/v2\/comments?post=49655"}],"version-history":[{"count":0,"href":"https:\/\/www.schiebener.net\/wordpress\/wp-json\/wp\/v2\/posts\/49655\/revisions"}],"wp:attachment":[{"href":"https:\/\/www.schiebener.net\/wordpress\/wp-json\/wp\/v2\/media?parent=49655"}],"wp:term":[{"taxonomy":"category","embeddable":true,"href":"https:\/\/www.schiebener.net\/wordpress\/wp-json\/wp\/v2\/categories?post=49655"},{"taxonomy":"post_tag","embeddable":true,"href":"https:\/\/www.schiebener.net\/wordpress\/wp-json\/wp\/v2\/tags?post=49655"}],"curies":[{"name":"wp","href":"https:\/\/api.w.org\/{rel}","templated":true}]}}