{"id":49650,"date":"2021-08-29T18:44:07","date_gmt":"2021-08-29T17:44:07","guid":{"rendered":"https:\/\/www.schiebener.net\/wordpress\/?p=49650"},"modified":"2021-08-29T18:44:07","modified_gmt":"2021-08-29T17:44:07","slug":"vor-dem-triell-mit-baerbock-laschet-und-scholz","status":"publish","type":"post","link":"https:\/\/www.schiebener.net\/wordpress\/vor-dem-triell-mit-baerbock-laschet-und-scholz\/","title":{"rendered":"Vor dem Triell mit Baerbock, Laschet und Scholz"},"content":{"rendered":"<figure id=\"attachment_49651\" aria-describedby=\"caption-attachment-49651\" style=\"width: 700px\" class=\"wp-caption aligncenter\"><a href=\"https:\/\/www.schiebener.net\/wordpress\/wp-content\/uploads\/2021\/08\/20210825Abendhimmel.jpg\" target=\"_blank\" rel=\"noopener\"><img loading=\"lazy\" decoding=\"async\" class=\"wp-image-49651\" src=\"https:\/\/www.schiebener.net\/wordpress\/wp-content\/uploads\/2021\/08\/20210825Abendhimmel.jpg\" alt=\"\" width=\"700\" height=\"467\" srcset=\"https:\/\/www.schiebener.net\/wordpress\/wp-content\/uploads\/2021\/08\/20210825Abendhimmel.jpg 2048w, https:\/\/www.schiebener.net\/wordpress\/wp-content\/uploads\/2021\/08\/20210825Abendhimmel-300x200.jpg 300w, https:\/\/www.schiebener.net\/wordpress\/wp-content\/uploads\/2021\/08\/20210825Abendhimmel-1024x683.jpg 1024w, https:\/\/www.schiebener.net\/wordpress\/wp-content\/uploads\/2021\/08\/20210825Abendhimmel-768x512.jpg 768w, https:\/\/www.schiebener.net\/wordpress\/wp-content\/uploads\/2021\/08\/20210825Abendhimmel-1536x1024.jpg 1536w\" sizes=\"auto, (max-width: 709px) 85vw, (max-width: 909px) 67vw, (max-width: 984px) 61vw, (max-width: 1362px) 45vw, 600px\" \/><\/a><figcaption id=\"caption-attachment-49651\" class=\"wp-caption-text\">Die Stimmung k\u00f6nnte zum heutigen Triell passen. Blick aus dem Fenster am Mittwoch Abend. (foto: zoom)<\/figcaption><\/figure>\n<blockquote><p>&#8222;Das <b>Triell<\/b> ist eine Variante des Duells mit drei anstatt mit zwei K\u00e4mpfern (jeder gegen jeden, nicht zwei gegen einen). Bekannt wurde das <b>Triell<\/b> durch seine paradoxe Eigenschaft, dass unter bestimmten Bedingungen gute Sch\u00fctzen gegen\u00fcber schlechten Sch\u00fctzen im Nachteil sind.&#8220; (<a href=\"https:\/\/de.wikipedia.org\/wiki\/Triell\" target=\"_blank\" rel=\"noopener\">wikipedia<\/a>)<\/p><\/blockquote>\n<p>Ich gucke nicht gerne Fernsehen, aber heute schaue ich mir das sogenannte Triell an (RTL bzw. n-TV). B\u00f6hmermann ruft schon zum gro\u00dfen Twitter-Lagerfeuer auf:<\/p>\n<blockquote class=\"twitter-tweet\">\n<p lang=\"de\" dir=\"ltr\">Heute Abend um 20.10 Uhr l\u00e4uft das erste Kanzlerinnen-<a href=\"https:\/\/twitter.com\/hashtag\/Triell?src=hash&amp;ref_src=twsrc%5Etfw\">#Triell<\/a> zwischen <a href=\"https:\/\/twitter.com\/ABaerbock?ref_src=twsrc%5Etfw\">@ABaerbock<\/a>, <a href=\"https:\/\/twitter.com\/ArminLaschet?ref_src=twsrc%5Etfw\">@ArminLaschet<\/a> und <a href=\"https:\/\/twitter.com\/OlafScholz?ref_src=twsrc%5Etfw\">@OlafScholz<\/a> bei <a href=\"https:\/\/twitter.com\/RTLde?ref_src=twsrc%5Etfw\">@RTLde<\/a> und danach dann <a href=\"https:\/\/twitter.com\/AnneWillTalk?ref_src=twsrc%5Etfw\">@AnneWillTalk<\/a> in <a href=\"https:\/\/twitter.com\/DasErste?ref_src=twsrc%5Etfw\">@DasErste<\/a> und ICH FREU MICH SCHON SO!!!!!! ? <a href=\"https:\/\/twitter.com\/hashtag\/btw2021?src=hash&amp;ref_src=twsrc%5Etfw\">#btw2021<\/a> Machen wir sch\u00f6n Lagerfeuer-Twitter? Ja? Ja? Jaaaaa?<\/p>\n<p>&mdash; Jan B\u00f6hmermann ?? (@janboehm) <a href=\"https:\/\/twitter.com\/janboehm\/status\/1431909298897051649?ref_src=twsrc%5Etfw\">August 29, 2021<\/a><\/p><\/blockquote>\n<p> <script async src=\"https:\/\/platform.twitter.com\/widgets.js\" charset=\"utf-8\"><\/script> <\/p>\n<p>Au\u00dferdem habe ich heute die Briefwahlunterlagen beantragt.<\/p>\n<p>Im zweist\u00fcndigen Selbstversuch werde ich \u00fcberpr\u00fcfen, ob die Sendung etwas an meiner Wahlentscheidung zu \u00e4ndern vermag.<\/p>\n<p>Die Hypothese: &#8222;Nein!&#8220;<\/p>\n","protected":false},"excerpt":{"rendered":"<p>&#8222;Das Triell ist eine Variante des Duells mit drei anstatt mit zwei K\u00e4mpfern (jeder gegen jeden, nicht zwei gegen einen). Bekannt wurde das Triell durch seine paradoxe Eigenschaft, dass unter &hellip; <a href=\"https:\/\/www.schiebener.net\/wordpress\/vor-dem-triell-mit-baerbock-laschet-und-scholz\/\" class=\"more-link\"><span class=\"screen-reader-text\">\u201eVor dem Triell mit Baerbock, Laschet und Scholz\u201c <\/span>weiterlesen<\/a><\/p>\n","protected":false},"author":3,"featured_media":0,"comment_status":"open","ping_status":"open","sticky":false,"template":"","format":"standard","meta":{"footnotes":""},"categories":[32,24],"tags":[8865],"class_list":["post-49650","post","type-post","status-publish","format-standard","hentry","category-medien","category-politik","tag-bundestagswahl-2021"],"_links":{"self":[{"href":"https:\/\/www.schiebener.net\/wordpress\/wp-json\/wp\/v2\/posts\/49650","targetHints":{"allow":["GET"]}}],"collection":[{"href":"https:\/\/www.schiebener.net\/wordpress\/wp-json\/wp\/v2\/posts"}],"about":[{"href":"https:\/\/www.schiebener.net\/wordpress\/wp-json\/wp\/v2\/types\/post"}],"author":[{"embeddable":true,"href":"https:\/\/www.schiebener.net\/wordpress\/wp-json\/wp\/v2\/users\/3"}],"replies":[{"embeddable":true,"href":"https:\/\/www.schiebener.net\/wordpress\/wp-json\/wp\/v2\/comments?post=49650"}],"version-history":[{"count":0,"href":"https:\/\/www.schiebener.net\/wordpress\/wp-json\/wp\/v2\/posts\/49650\/revisions"}],"wp:attachment":[{"href":"https:\/\/www.schiebener.net\/wordpress\/wp-json\/wp\/v2\/media?parent=49650"}],"wp:term":[{"taxonomy":"category","embeddable":true,"href":"https:\/\/www.schiebener.net\/wordpress\/wp-json\/wp\/v2\/categories?post=49650"},{"taxonomy":"post_tag","embeddable":true,"href":"https:\/\/www.schiebener.net\/wordpress\/wp-json\/wp\/v2\/tags?post=49650"}],"curies":[{"name":"wp","href":"https:\/\/api.w.org\/{rel}","templated":true}]}}