{"id":49619,"date":"2021-08-25T10:56:39","date_gmt":"2021-08-25T09:56:39","guid":{"rendered":"https:\/\/www.schiebener.net\/wordpress\/?p=49619"},"modified":"2021-08-25T10:56:39","modified_gmt":"2021-08-25T09:56:39","slug":"corona-virus-im-hochsauerlandkreis-25-neuinfizierte-14-genesene-6-stationaer-die-7-tage-inzidenz-betraegt-843","status":"publish","type":"post","link":"https:\/\/www.schiebener.net\/wordpress\/corona-virus-im-hochsauerlandkreis-25-neuinfizierte-14-genesene-6-stationaer-die-7-tage-inzidenz-betraegt-843\/","title":{"rendered":"Corona-Virus im Hochsauerlandkreis: 25 Neuinfizierte, 14 Genesene, 6 station\u00e4r. Die 7-Tage-Inzidenz betr\u00e4gt 84,3."},"content":{"rendered":"<p><img loading=\"lazy\" decoding=\"async\" src=\"https:\/\/www.schiebener.net\/wordpress\/wp-content\/uploads\/2009\/02\/lt_briefkasten01.jpg\" alt=\"In unserem Briefkasten\" width=\"120\" height=\"91\" class=\"alignleft size-full wp-image-2182\" \/><strong>Das Gesundheitsamt des Hochsauerlandkreises meldet am Mittwoch, 25. August, 9 Uhr, kreisweit 25 Neuinfizierte und 14 Genesene. Die 7-Tage-Inzidenz betr\u00e4gt 84,3 (Stand 25. August, 0 Uhr).<\/strong> <\/p>\n<p><em>(Pressemitteilung HSK)<\/em><\/p>\n<p>Aktuell gibt es damit 311 Infizierte, 9.910 Genesene, sowie 10.424 best\u00e4tige F\u00e4lle. Station\u00e4r werden sechs Personen behandelt, davon zwei intensivmedizinisch und beatmet. 203 Sterbef\u00e4lle in Verbindung mit einer Corona-Infektion sind registriert.<\/p>\n<p>In vier weiteren Schulen gibt es nach dem Lagebericht drei Mal einen positiv Getesteten und ein Mal sind es drei. Eine Quarant\u00e4ne musste in diesen Schulen f\u00fcr null bis 20 weitere Personen ausgesprochen werden.<\/p>\n<p>Die 311 infizierten Personen verteilen sich insgesamt wie folgt auf die St\u00e4dte und Gemeinden: Arnsberg (116), Bestwig (12), Brilon (24), Eslohe (3), Hallenberg (1), Marsberg (19), Medebach (8), Meschede (51), Olsberg (4), Schmallenberg (26), Sundern (41) und Winterberg (6).<\/p>\n","protected":false},"excerpt":{"rendered":"<p>Das Gesundheitsamt des Hochsauerlandkreises meldet am Mittwoch, 25. August, 9 Uhr, kreisweit 25 Neuinfizierte und 14 Genesene. Die 7-Tage-Inzidenz betr\u00e4gt 84,3 (Stand 25. August, 0 Uhr). (Pressemitteilung HSK) Aktuell gibt &hellip; <a href=\"https:\/\/www.schiebener.net\/wordpress\/corona-virus-im-hochsauerlandkreis-25-neuinfizierte-14-genesene-6-stationaer-die-7-tage-inzidenz-betraegt-843\/\" class=\"more-link\"><span class=\"screen-reader-text\">\u201eCorona-Virus im Hochsauerlandkreis: 25 Neuinfizierte, 14 Genesene, 6 station\u00e4r. Die 7-Tage-Inzidenz betr\u00e4gt 84,3.\u201c <\/span>weiterlesen<\/a><\/p>\n","protected":false},"author":17,"featured_media":0,"comment_status":"open","ping_status":"open","sticky":false,"template":"","format":"standard","meta":{"footnotes":""},"categories":[7088,303,80,1043],"tags":[8645,8580,8610,655],"class_list":["post-49619","post","type-post","status-publish","format-standard","hentry","category-gesundheit","category-in-unserem-briefkasten","category-lokales","category-pressemitteilungen","tag-corona-krise","tag-covid-19","tag-pandemie","tag-pressemitteilung"],"_links":{"self":[{"href":"https:\/\/www.schiebener.net\/wordpress\/wp-json\/wp\/v2\/posts\/49619","targetHints":{"allow":["GET"]}}],"collection":[{"href":"https:\/\/www.schiebener.net\/wordpress\/wp-json\/wp\/v2\/posts"}],"about":[{"href":"https:\/\/www.schiebener.net\/wordpress\/wp-json\/wp\/v2\/types\/post"}],"author":[{"embeddable":true,"href":"https:\/\/www.schiebener.net\/wordpress\/wp-json\/wp\/v2\/users\/17"}],"replies":[{"embeddable":true,"href":"https:\/\/www.schiebener.net\/wordpress\/wp-json\/wp\/v2\/comments?post=49619"}],"version-history":[{"count":0,"href":"https:\/\/www.schiebener.net\/wordpress\/wp-json\/wp\/v2\/posts\/49619\/revisions"}],"wp:attachment":[{"href":"https:\/\/www.schiebener.net\/wordpress\/wp-json\/wp\/v2\/media?parent=49619"}],"wp:term":[{"taxonomy":"category","embeddable":true,"href":"https:\/\/www.schiebener.net\/wordpress\/wp-json\/wp\/v2\/categories?post=49619"},{"taxonomy":"post_tag","embeddable":true,"href":"https:\/\/www.schiebener.net\/wordpress\/wp-json\/wp\/v2\/tags?post=49619"}],"curies":[{"name":"wp","href":"https:\/\/api.w.org\/{rel}","templated":true}]}}