{"id":49583,"date":"2021-08-22T19:27:36","date_gmt":"2021-08-22T18:27:36","guid":{"rendered":"https:\/\/www.schiebener.net\/wordpress\/?p=49583"},"modified":"2021-08-22T19:41:27","modified_gmt":"2021-08-22T18:41:27","slug":"pausenbild-kinder-und-jugendbauernhof","status":"publish","type":"post","link":"https:\/\/www.schiebener.net\/wordpress\/pausenbild-kinder-und-jugendbauernhof\/","title":{"rendered":"Pausenbild: Kinder- und Jugendbauernhof"},"content":{"rendered":"<figure id=\"attachment_49584\" aria-describedby=\"caption-attachment-49584\" style=\"width: 700px\" class=\"wp-caption aligncenter\"><a href=\"https:\/\/www.schiebener.net\/wordpress\/wp-content\/uploads\/2021\/08\/20210821Kassel.jpg\" target=\"_blank\" rel=\"noopener\"><img loading=\"lazy\" decoding=\"async\" class=\"wp-image-49584\" src=\"https:\/\/www.schiebener.net\/wordpress\/wp-content\/uploads\/2021\/08\/20210821Kassel.jpg\" alt=\"\" width=\"700\" height=\"461\" srcset=\"https:\/\/www.schiebener.net\/wordpress\/wp-content\/uploads\/2021\/08\/20210821Kassel.jpg 2048w, https:\/\/www.schiebener.net\/wordpress\/wp-content\/uploads\/2021\/08\/20210821Kassel-300x198.jpg 300w, https:\/\/www.schiebener.net\/wordpress\/wp-content\/uploads\/2021\/08\/20210821Kassel-1024x675.jpg 1024w, https:\/\/www.schiebener.net\/wordpress\/wp-content\/uploads\/2021\/08\/20210821Kassel-768x506.jpg 768w, https:\/\/www.schiebener.net\/wordpress\/wp-content\/uploads\/2021\/08\/20210821Kassel-1536x1013.jpg 1536w\" sizes=\"auto, (max-width: 709px) 85vw, (max-width: 909px) 67vw, (max-width: 984px) 61vw, (max-width: 1362px) 45vw, 600px\" \/><\/a><figcaption id=\"caption-attachment-49584\" class=\"wp-caption-text\">Kinder- und Jugendbauernhof in Kassel (foto: zoom)<\/figcaption><\/figure>\n<p><strong>Beim Abendspaziergang an der Fulda haben wir am\u00a0 Zaun des <a href=\"https:\/\/www.kinderbauernhof-kassel.de\/\" target=\"_blank\" rel=\"noopener\"><em>Kinder- und Jugendbauernhofs<\/em><\/a> angehalten.<\/strong><\/p>\n<p>Bunt und vielf\u00e4ltig. Eine Stadt-Oase. Ich habe unwillk\u00fcrlich gesp\u00e4ht, ob ich nicht irgendwo zwischen Bauwagen, Stall und Insektenhotel Peter Lustig aus der Sendung <a href=\"https:\/\/www.zdf.de\/kinder\/loewenzahn\" target=\"_blank\" rel=\"noopener\"><em>L\u00f6wenzahn<\/em><\/a> entdecke.<\/p>\n<p>Nein, er war nicht da und auch nicht die Kinder, die tags\u00fcber von den Eltern dort abgegeben werden. N\u00e4chstes Mal, fr\u00fcher am Tag. Bin gespannt auf den Betrieb.<\/p>\n<figure id=\"attachment_49587\" aria-describedby=\"caption-attachment-49587\" style=\"width: 700px\" class=\"wp-caption aligncenter\"><a href=\"https:\/\/www.schiebener.net\/wordpress\/wp-content\/uploads\/2021\/08\/2021082102Kassel.jpg\" target=\"_blank\" rel=\"noopener\"><img loading=\"lazy\" decoding=\"async\" class=\"wp-image-49587\" src=\"https:\/\/www.schiebener.net\/wordpress\/wp-content\/uploads\/2021\/08\/2021082102Kassel.jpg\" alt=\"\" width=\"700\" height=\"389\" srcset=\"https:\/\/www.schiebener.net\/wordpress\/wp-content\/uploads\/2021\/08\/2021082102Kassel.jpg 2048w, https:\/\/www.schiebener.net\/wordpress\/wp-content\/uploads\/2021\/08\/2021082102Kassel-300x167.jpg 300w, https:\/\/www.schiebener.net\/wordpress\/wp-content\/uploads\/2021\/08\/2021082102Kassel-1024x569.jpg 1024w, https:\/\/www.schiebener.net\/wordpress\/wp-content\/uploads\/2021\/08\/2021082102Kassel-768x426.jpg 768w, https:\/\/www.schiebener.net\/wordpress\/wp-content\/uploads\/2021\/08\/2021082102Kassel-1536x853.jpg 1536w\" sizes=\"auto, (max-width: 709px) 85vw, (max-width: 909px) 67vw, (max-width: 984px) 61vw, (max-width: 1362px) 45vw, 600px\" \/><\/a><figcaption id=\"caption-attachment-49587\" class=\"wp-caption-text\">Info: Elternfreie Zone (foto: zoom)<\/figcaption><\/figure>\n","protected":false},"excerpt":{"rendered":"<p>Beim Abendspaziergang an der Fulda haben wir am\u00a0 Zaun des Kinder- und Jugendbauernhofs angehalten. Bunt und vielf\u00e4ltig. Eine Stadt-Oase. Ich habe unwillk\u00fcrlich gesp\u00e4ht, ob ich nicht irgendwo zwischen Bauwagen, Stall &hellip; <a href=\"https:\/\/www.schiebener.net\/wordpress\/pausenbild-kinder-und-jugendbauernhof\/\" class=\"more-link\"><span class=\"screen-reader-text\">\u201ePausenbild: Kinder- und Jugendbauernhof\u201c <\/span>weiterlesen<\/a><\/p>\n","protected":false},"author":3,"featured_media":0,"comment_status":"open","ping_status":"open","sticky":false,"template":"","format":"standard","meta":{"footnotes":""},"categories":[174,4761,549,3096],"tags":[5859,2270],"class_list":["post-49583","post","type-post","status-publish","format-standard","hentry","category-dit-und-dat","category-soziales","category-umwelt","category-urbanes-wohnen","tag-dit-und-dat","tag-kassel"],"_links":{"self":[{"href":"https:\/\/www.schiebener.net\/wordpress\/wp-json\/wp\/v2\/posts\/49583","targetHints":{"allow":["GET"]}}],"collection":[{"href":"https:\/\/www.schiebener.net\/wordpress\/wp-json\/wp\/v2\/posts"}],"about":[{"href":"https:\/\/www.schiebener.net\/wordpress\/wp-json\/wp\/v2\/types\/post"}],"author":[{"embeddable":true,"href":"https:\/\/www.schiebener.net\/wordpress\/wp-json\/wp\/v2\/users\/3"}],"replies":[{"embeddable":true,"href":"https:\/\/www.schiebener.net\/wordpress\/wp-json\/wp\/v2\/comments?post=49583"}],"version-history":[{"count":0,"href":"https:\/\/www.schiebener.net\/wordpress\/wp-json\/wp\/v2\/posts\/49583\/revisions"}],"wp:attachment":[{"href":"https:\/\/www.schiebener.net\/wordpress\/wp-json\/wp\/v2\/media?parent=49583"}],"wp:term":[{"taxonomy":"category","embeddable":true,"href":"https:\/\/www.schiebener.net\/wordpress\/wp-json\/wp\/v2\/categories?post=49583"},{"taxonomy":"post_tag","embeddable":true,"href":"https:\/\/www.schiebener.net\/wordpress\/wp-json\/wp\/v2\/tags?post=49583"}],"curies":[{"name":"wp","href":"https:\/\/api.w.org\/{rel}","templated":true}]}}