{"id":49579,"date":"2021-08-20T09:36:19","date_gmt":"2021-08-20T08:36:19","guid":{"rendered":"https:\/\/www.schiebener.net\/wordpress\/?p=49579"},"modified":"2021-08-20T09:36:19","modified_gmt":"2021-08-20T08:36:19","slug":"hochsauerlandkreis-impfung-fuer-kinder-und-jugendliche-ab-zwoelf-jetzt-ohne-termin-moeglich-einwilligung-eines-sorgeberechtigten-reicht-aus","status":"publish","type":"post","link":"https:\/\/www.schiebener.net\/wordpress\/hochsauerlandkreis-impfung-fuer-kinder-und-jugendliche-ab-zwoelf-jetzt-ohne-termin-moeglich-einwilligung-eines-sorgeberechtigten-reicht-aus\/","title":{"rendered":"Hochsauerlandkreis: Impfung f\u00fcr Kinder und Jugendliche ab zw\u00f6lf jetzt ohne Termin m\u00f6glich &#8211; Einwilligung eines Sorgeberechtigten reicht aus."},"content":{"rendered":"<figure id=\"attachment_49580\" aria-describedby=\"caption-attachment-49580\" style=\"width: 700px\" class=\"wp-caption aligncenter\"><img loading=\"lazy\" decoding=\"async\" class=\"wp-image-49580\" src=\"https:\/\/www.schiebener.net\/wordpress\/wp-content\/uploads\/2021\/08\/20210820ImpfungKind.jpg\" alt=\"\" width=\"700\" height=\"856\" srcset=\"https:\/\/www.schiebener.net\/wordpress\/wp-content\/uploads\/2021\/08\/20210820ImpfungKind.jpg 865w, https:\/\/www.schiebener.net\/wordpress\/wp-content\/uploads\/2021\/08\/20210820ImpfungKind-245x300.jpg 245w, https:\/\/www.schiebener.net\/wordpress\/wp-content\/uploads\/2021\/08\/20210820ImpfungKind-837x1024.jpg 837w, https:\/\/www.schiebener.net\/wordpress\/wp-content\/uploads\/2021\/08\/20210820ImpfungKind-768x939.jpg 768w\" sizes=\"auto, (max-width: 709px) 85vw, (max-width: 909px) 67vw, (max-width: 984px) 61vw, (max-width: 1362px) 45vw, 600px\" \/><figcaption id=\"caption-attachment-49580\" class=\"wp-caption-text\">Jetzt ohne Termin m\u00f6glich: Impfung f\u00fcr Kinder und Jugendliche ab zw\u00f6lf Jahren. \/ Foto: Impfzentrum HSK<\/figcaption><\/figure>\n<p><strong>Hochsauerlandkreis. Die Impfung f\u00fcr Kinder und Jugendliche ist ab sofort auch ohne Termin zu den \u00d6ffnungszeiten des HSK-Impfzentrums in Olsberg m\u00f6glich.<\/strong><\/p>\n<p><em>(Pressemitteilung HSK)<\/em><\/p>\n<p>Das Impfzentrum weist darauf hin, dass im Zusammenhang mit der Impfung von Kindern im Alter von zw\u00f6lf bis 15 Jahren die Einwilligung eines Sorgeberechtigten ausreichend ist. Auch wenn ohne Termin Impfungen m\u00f6glich sind, empfiehlt das Impfzentrum eine vorherige Terminbuchung \u00fcber die gewohnte Seite der KVWL: <a href=\"http:\/\/www.116117.de\" target=\"_blank\" rel=\"noopener\">www.116117.de<\/a>.<\/p>\n<p>Die Wartezeit kann ohne Termin wegen der intensiveren Aufkl\u00e4rungsgespr\u00e4che l\u00e4nger dauern. Das Impfzentrum Olsberg ist zu folgenden Zeiten ge\u00f6ffnet: Mittwoch bis Sonntag von 14 Uhr bis 20 Uhr.<\/p>\n<p>Die Impfung f\u00fcr Kinder ab zw\u00f6lf Jahren kann nun auch von allen niedergelassenen \u00c4rzten vorgenommen werden, bislang waren nur Kinder\u00e4rzte berechtigt.<\/p>\n","protected":false},"excerpt":{"rendered":"<p>Hochsauerlandkreis. Die Impfung f\u00fcr Kinder und Jugendliche ist ab sofort auch ohne Termin zu den \u00d6ffnungszeiten des HSK-Impfzentrums in Olsberg m\u00f6glich. (Pressemitteilung HSK) Das Impfzentrum weist darauf hin, dass im &hellip; <a href=\"https:\/\/www.schiebener.net\/wordpress\/hochsauerlandkreis-impfung-fuer-kinder-und-jugendliche-ab-zwoelf-jetzt-ohne-termin-moeglich-einwilligung-eines-sorgeberechtigten-reicht-aus\/\" class=\"more-link\"><span class=\"screen-reader-text\">\u201eHochsauerlandkreis: Impfung f\u00fcr Kinder und Jugendliche ab zw\u00f6lf jetzt ohne Termin m\u00f6glich &#8211; Einwilligung eines Sorgeberechtigten reicht aus.\u201c <\/span>weiterlesen<\/a><\/p>\n","protected":false},"author":17,"featured_media":0,"comment_status":"open","ping_status":"open","sticky":false,"template":"","format":"standard","meta":{"footnotes":""},"categories":[7088,303,80,1043],"tags":[8645,8580,8867,8823,8610,655],"class_list":["post-49579","post","type-post","status-publish","format-standard","hentry","category-gesundheit","category-in-unserem-briefkasten","category-lokales","category-pressemitteilungen","tag-corona-krise","tag-covid-19","tag-impfbus","tag-impfzentrum-olsberg","tag-pandemie","tag-pressemitteilung"],"_links":{"self":[{"href":"https:\/\/www.schiebener.net\/wordpress\/wp-json\/wp\/v2\/posts\/49579","targetHints":{"allow":["GET"]}}],"collection":[{"href":"https:\/\/www.schiebener.net\/wordpress\/wp-json\/wp\/v2\/posts"}],"about":[{"href":"https:\/\/www.schiebener.net\/wordpress\/wp-json\/wp\/v2\/types\/post"}],"author":[{"embeddable":true,"href":"https:\/\/www.schiebener.net\/wordpress\/wp-json\/wp\/v2\/users\/17"}],"replies":[{"embeddable":true,"href":"https:\/\/www.schiebener.net\/wordpress\/wp-json\/wp\/v2\/comments?post=49579"}],"version-history":[{"count":0,"href":"https:\/\/www.schiebener.net\/wordpress\/wp-json\/wp\/v2\/posts\/49579\/revisions"}],"wp:attachment":[{"href":"https:\/\/www.schiebener.net\/wordpress\/wp-json\/wp\/v2\/media?parent=49579"}],"wp:term":[{"taxonomy":"category","embeddable":true,"href":"https:\/\/www.schiebener.net\/wordpress\/wp-json\/wp\/v2\/categories?post=49579"},{"taxonomy":"post_tag","embeddable":true,"href":"https:\/\/www.schiebener.net\/wordpress\/wp-json\/wp\/v2\/tags?post=49579"}],"curies":[{"name":"wp","href":"https:\/\/api.w.org\/{rel}","templated":true}]}}