{"id":49561,"date":"2021-08-18T18:38:07","date_gmt":"2021-08-18T17:38:07","guid":{"rendered":"https:\/\/www.schiebener.net\/wordpress\/?p=49561"},"modified":"2021-08-18T18:38:07","modified_gmt":"2021-08-18T17:38:07","slug":"fruehling-sommer-herbst-und-winter-herbst","status":"publish","type":"post","link":"https:\/\/www.schiebener.net\/wordpress\/fruehling-sommer-herbst-und-winter-herbst\/","title":{"rendered":"Fr\u00fchling, Sommer, Herbst und Winter: Herbst?"},"content":{"rendered":"<figure id=\"attachment_49562\" aria-describedby=\"caption-attachment-49562\" style=\"width: 2048px\" class=\"wp-caption aligncenter\"><a href=\"https:\/\/www.schiebener.net\/wordpress\/wp-content\/uploads\/2021\/08\/20210814ArnsbergJahreszeiten.jpg\"><img loading=\"lazy\" decoding=\"async\" class=\"size-full wp-image-49562\" src=\"https:\/\/www.schiebener.net\/wordpress\/wp-content\/uploads\/2021\/08\/20210814ArnsbergJahreszeiten.jpg\" alt=\"\" width=\"2048\" height=\"1050\" srcset=\"https:\/\/www.schiebener.net\/wordpress\/wp-content\/uploads\/2021\/08\/20210814ArnsbergJahreszeiten.jpg 2048w, https:\/\/www.schiebener.net\/wordpress\/wp-content\/uploads\/2021\/08\/20210814ArnsbergJahreszeiten-300x154.jpg 300w, https:\/\/www.schiebener.net\/wordpress\/wp-content\/uploads\/2021\/08\/20210814ArnsbergJahreszeiten-1024x525.jpg 1024w, https:\/\/www.schiebener.net\/wordpress\/wp-content\/uploads\/2021\/08\/20210814ArnsbergJahreszeiten-768x394.jpg 768w, https:\/\/www.schiebener.net\/wordpress\/wp-content\/uploads\/2021\/08\/20210814ArnsbergJahreszeiten-1536x788.jpg 1536w\" sizes=\"auto, (max-width: 709px) 85vw, (max-width: 909px) 67vw, (max-width: 1362px) 62vw, 840px\" \/><\/a><figcaption id=\"caption-attachment-49562\" class=\"wp-caption-text\">Wandbild an der Landesanstalt f\u00fcr Forstwirtschaft in Arnsberg. (foto: zoom)<\/figcaption><\/figure>\n<p><strong>Im Hochsauerland habe ich gelernt, dass der Herbst nach der Winterberger Kirmes beginnt.<\/strong><\/p>\n<p>Nun hat wegen der Pandemie dieses Jahr keine Kirmes und kein Feuerwerk am Montagabend stattgefunden, es sei denn, man bezeichnete das kleine Budenspektakel an der unteren Pforte als &#8222;Kirmes&#8220;.<\/p>\n<p>Den Herbst hat es nicht gest\u00f6rt, er hat sich brav an den Termin gehalten und ist am Montag mit Wind, Regen und k\u00fchlen Temperaturen bei uns eingezogen. Der <em>Winterberger Herbst<\/em> hat begonnen.<\/p>\n<p>Der <em>kalendarische Herbst<\/em> gibt dem Sommer noch eine R\u00fcckkehrchance, er beginnt in diesem Jahr am Mittwoch, dem 22. September 2021 um 21:21 Uhr.<\/p>\n<p>Die Meteorologen lieben es schlicht und unabh\u00e4ngig vom Stand der Sonne. F\u00fcr sie beginnt der <em>meteorologische Herbst<\/em> wie jedes Jahr am 1. September.<\/p>\n<p>Wer es komplizierter mag, richtet sich nach den <em>ph\u00e4nologischen Jahreszeiten<\/em>.<\/p>\n<blockquote><p>&#8222;Im Gegensatz zu den astronomischen Jahreszeiten sind die ph\u00e4nologischen Perioden nicht an fixe Daten gebunden. Jahresabschnitte werden durch Beobachtungen aus der Natur bestimmt. Wenn etwa die Schwarzen Holunderbeeren reifen, ist es Zeit sich vom Sommer zu verabschieden. Schneegl\u00f6ckchen dagegen leiten den Vorfr\u00fchling ein.&#8220;<\/p><\/blockquote>\n<p>Quelle: <a href=\"https:\/\/naturwissenschaften.ch\/seasons-explained\/phenological_calendar\" target=\"_blank\" rel=\"noopener\">https:\/\/naturwissenschaften.ch\/seasons-explained\/phenological_calendar<\/a><\/p>\n<p>Auch beim Deutschen Wetterdienst findet man die Liste der zehn (!) Jahreszeiten mitsamt ihrer Leitpflanzen. Die Grenze zwischen Sp\u00e4tsommer und Fr\u00fcherbst verl\u00e4uft beispielsweise so:<\/p>\n<p><em>Sp\u00e4tsommer<\/em> Apfel, fr\u00fchreifend (Fr\u00fcchte) Eberesche (Fr\u00fcchte)<br \/>\n<em>Fr\u00fchherbst<\/em> Schwarzer Holunder (Fr\u00fcchte) Kornelkirsche (Fr\u00fcchte)<\/p>\n<p>Quelle: <a href=\"https:\/\/www.dwd.de\/DE\/service\/lexikon\/Functions\/glossar.html?nn=103346&amp;lv2=101996&amp;lv3=102054\" target=\"_blank\" rel=\"noopener\">https:\/\/www.dwd.de\/DE\/service\/lexikon\/Functions\/glossar.html?nn=103346&amp;lv2=101996&amp;lv3=102054<\/a><\/p>\n<p>Viele Spa\u00df beim Bestimmen!<\/p>\n","protected":false},"excerpt":{"rendered":"<p>Im Hochsauerland habe ich gelernt, dass der Herbst nach der Winterberger Kirmes beginnt. Nun hat wegen der Pandemie dieses Jahr keine Kirmes und kein Feuerwerk am Montagabend stattgefunden, es sei &hellip; <a href=\"https:\/\/www.schiebener.net\/wordpress\/fruehling-sommer-herbst-und-winter-herbst\/\" class=\"more-link\"><span class=\"screen-reader-text\">\u201eFr\u00fchling, Sommer, Herbst und Winter: Herbst?\u201c <\/span>weiterlesen<\/a><\/p>\n","protected":false},"author":3,"featured_media":0,"comment_status":"open","ping_status":"open","sticky":false,"template":"","format":"standard","meta":{"footnotes":""},"categories":[174,6,80,5,549],"tags":[29,8872,8873],"class_list":["post-49561","post","type-post","status-publish","format-standard","hentry","category-dit-und-dat","category-kalenderblatt","category-lokales","category-naturwissenschaft","category-umwelt","tag-herbst","tag-jahreszeiten","tag-kalender"],"_links":{"self":[{"href":"https:\/\/www.schiebener.net\/wordpress\/wp-json\/wp\/v2\/posts\/49561","targetHints":{"allow":["GET"]}}],"collection":[{"href":"https:\/\/www.schiebener.net\/wordpress\/wp-json\/wp\/v2\/posts"}],"about":[{"href":"https:\/\/www.schiebener.net\/wordpress\/wp-json\/wp\/v2\/types\/post"}],"author":[{"embeddable":true,"href":"https:\/\/www.schiebener.net\/wordpress\/wp-json\/wp\/v2\/users\/3"}],"replies":[{"embeddable":true,"href":"https:\/\/www.schiebener.net\/wordpress\/wp-json\/wp\/v2\/comments?post=49561"}],"version-history":[{"count":0,"href":"https:\/\/www.schiebener.net\/wordpress\/wp-json\/wp\/v2\/posts\/49561\/revisions"}],"wp:attachment":[{"href":"https:\/\/www.schiebener.net\/wordpress\/wp-json\/wp\/v2\/media?parent=49561"}],"wp:term":[{"taxonomy":"category","embeddable":true,"href":"https:\/\/www.schiebener.net\/wordpress\/wp-json\/wp\/v2\/categories?post=49561"},{"taxonomy":"post_tag","embeddable":true,"href":"https:\/\/www.schiebener.net\/wordpress\/wp-json\/wp\/v2\/tags?post=49561"}],"curies":[{"name":"wp","href":"https:\/\/api.w.org\/{rel}","templated":true}]}}