{"id":49548,"date":"2021-08-17T18:21:42","date_gmt":"2021-08-17T17:21:42","guid":{"rendered":"https:\/\/www.schiebener.net\/wordpress\/?p=49548"},"modified":"2021-08-17T18:41:28","modified_gmt":"2021-08-17T17:41:28","slug":"freie-waehler-bundestagskandidaten-aus-westfalen-stellen-ihr-wahlprogramm-auf","status":"publish","type":"post","link":"https:\/\/www.schiebener.net\/wordpress\/freie-waehler-bundestagskandidaten-aus-westfalen-stellen-ihr-wahlprogramm-auf\/","title":{"rendered":"FREIE W\u00c4HLER Bundestagskandidaten aus Westfalen stellen Ihr Wahlprogramm auf."},"content":{"rendered":"<figure id=\"attachment_49549\" aria-describedby=\"caption-attachment-49549\" style=\"width: 1024px\" class=\"wp-caption aligncenter\"><a href=\"https:\/\/www.schiebener.net\/wordpress\/wp-content\/uploads\/2021\/08\/20210817FWGruppe.jpg\"><img loading=\"lazy\" decoding=\"async\" class=\"size-full wp-image-49549\" src=\"https:\/\/www.schiebener.net\/wordpress\/wp-content\/uploads\/2021\/08\/20210817FWGruppe.jpg\" alt=\"\" width=\"1024\" height=\"771\" srcset=\"https:\/\/www.schiebener.net\/wordpress\/wp-content\/uploads\/2021\/08\/20210817FWGruppe.jpg 1024w, https:\/\/www.schiebener.net\/wordpress\/wp-content\/uploads\/2021\/08\/20210817FWGruppe-300x226.jpg 300w, https:\/\/www.schiebener.net\/wordpress\/wp-content\/uploads\/2021\/08\/20210817FWGruppe-768x578.jpg 768w\" sizes=\"auto, (max-width: 709px) 85vw, (max-width: 909px) 67vw, (max-width: 1362px) 62vw, 840px\" \/><\/a><figcaption id=\"caption-attachment-49549\" class=\"wp-caption-text\">Von links nach rechts: Christa Hudyma, Jagdhund Magic, Horst G\u00fcnter Linde, Sebastian Vielhaber, Michael M\u00fcller, Evelyn Taborsky, Ralf Ochsenfahrt und G\u00fcnter Arlt. (Bild: FW)<\/figcaption><\/figure>\n<p><strong>Die FREIE W\u00c4HLER Kandidaten f\u00fcr Ost- und S\u00fcd-Westfalen stimmten ihren Wahlkampf und die Schwerpunkte vom Bundeswahlprogramm am Mittwoch 11.08.2021 zu F\u00fc\u00dfen der Externsteine miteinander ab. <\/strong><\/p>\n<p><em>(Pressemitteilung FREIE W\u00c4HLER)<\/em><\/p>\n<p>Die Kandidaten sind sich einig: \u201eDie alten Parteien sind verbraucht! Wir wollen, dass im Bundestag mehr Menschen mit praktischem Sachverstand vertreten sind. Menschen aus der Kommunalpolitik, die wissen was die W\u00e4hler in ihrer Region bewegt. Nicht Berufspolitiker, die keinen Bezug zur Realit\u00e4t der B\u00fcrger haben.\u201c<\/p>\n<p>Die FREIE W\u00c4HLER Partei wurde im Februar 2010 gegr\u00fcndet. Sie entstand aus dem Bundesverband der Freien W\u00e4hlergemeinschaften. Diesem Dachverband der Vereine geh\u00f6ren mit Orts- und Landesverb\u00e4nden 280 000 Menschen in Deutschland an. Das sind mehr Mitglieder als bei FDP, B90\/Gr\u00fcne und Die Linke zusammen! Mit der Partei wollen die FREIEN W\u00c4HLER die L\u00e4nderparlamente und den Bundestag mit kommunalem Sachverstand erobern. In Bayern regieren sie mit der CSU, in drei L\u00e4nderparlamente sind sie bereits eingezogen, ebenso wie ins Europaparlament. Das n\u00e4chste Ziel \u2013 bei der Bundestagswahl 2021 mit mehr als f\u00fcnf Prozent in den Bundestag einziehen.<\/p>\n<p>Mit dem Motto \u201eNEUE KR\u00c4FTE BRAUCHT DAS LAND\u201c stellen sich den B\u00fcrgern zur Direktwahl:<\/p>\n<ul>\n<li>Wahlkreis 133 Herford \u2013 Minden \u2013 L\u00fcbbecke II <strong>Evelyn Taborsky<\/strong> meint: Arbeit muss sich lohnen. F\u00fcr Leiharbeiter von Beginn an gleiches Geld wie die Stammbelegschaft. Soli komplett abschaffen \u2013 Jetzt!<\/li>\n<li>134 Minden \u2013 L\u00fcbbecke I <strong>Michael M\u00fcller<\/strong> fordert: Energiewende umsetzen. Wenn Windkraft, dann nur mit den Menschen und nicht gegen Sie. Keine Zerst\u00f6rung von Natur und Landschaften.<\/li>\n<li>135 Lippe I <strong>Ralf Ochsenfahrt<\/strong> nimmt sich vor: Bildungsspitze erreichen. Fr\u00fchkindliche Bildung st\u00e4rken, gleiche Chancen als oberstes Ziel. Abschaffen der Kita-Beitr\u00e4ge f\u00fcr Alle!<\/li>\n<li>137 Paderborn (G\u00fctersloh III) <strong>G\u00fcnter Arlt<\/strong> will: Sicherheit gew\u00e4hrleisten. Gef\u00e4hrder und straff\u00e4llige Ausl\u00e4nder ausweisen (auch in Risikogebiete \u2013 gem\u00e4\u00df UN Fl\u00fcchtlingskonvention erlaubt). Bedarfsgerechter Einsatz von Video\u00fcberwachung an Brennpunkten.<\/li>\n<li>146 Soest <strong>Christa Hudyma<\/strong> steht f\u00fcr: Schuldenunion stoppen. Keine Vergemeinschaftung von Schulden in Europa. Deutsch als EU Amtssprache gleichberechtigt in Europa anerkennen.<\/li>\n<li>147 Hochsauerlandkreis <strong>Sebastian Vielhaber<\/strong> sagt: Den Digitalstandort Deutschland st\u00e4rken. Keine Upload Filter bei YouTube, Facebook, Instagram und anderen sozialen Medien. Abwanderung von Know-how und Technologie nach Asien verhindern.<\/li>\n<li>148 Siegen-Wittgenstein <strong>Horst G\u00fcnter Linde<\/strong> fordert: Verkehrswende \u2013 aber Ideologiefrei! Antriebe der Zukunft f\u00f6rdern (E-fuels, Wasserstoff). Mehr \u00f6ffentlicher Nahverkehr im l\u00e4ndlichen Raum. Die v\u00f6llig unterfinanzierte Infrastruktur auf Stra\u00dfe und Schiene zukunftsf\u00e4hig gestalten.<\/li>\n<\/ul>\n<p>Des Weiteren stehen in Ost- und S\u00fcdwestfalen zur Wahl: Wahlkreis 132 Bielefeld-G\u00fctersloh II \u2013 <strong>Kai <\/strong><strong>Funke<\/strong>, 136 Lippe II \u2013 <strong>Michael Schr\u00f6der<\/strong>, 149 Olpe-M\u00e4rkischer Kreis I- <strong>Sabrina Diekmann<\/strong>, 150 M\u00e4rkischer Kreis II &#8211; <strong>Hans-Immanuel Herbers<\/strong>.<\/p>\n","protected":false},"excerpt":{"rendered":"<p>Die FREIE W\u00c4HLER Kandidaten f\u00fcr Ost- und S\u00fcd-Westfalen stimmten ihren Wahlkampf und die Schwerpunkte vom Bundeswahlprogramm am Mittwoch 11.08.2021 zu F\u00fc\u00dfen der Externsteine miteinander ab. (Pressemitteilung FREIE W\u00c4HLER) Die Kandidaten &hellip; <a href=\"https:\/\/www.schiebener.net\/wordpress\/freie-waehler-bundestagskandidaten-aus-westfalen-stellen-ihr-wahlprogramm-auf\/\" class=\"more-link\"><span class=\"screen-reader-text\">\u201eFREIE W\u00c4HLER Bundestagskandidaten aus Westfalen stellen Ihr Wahlprogramm auf.\u201c <\/span>weiterlesen<\/a><\/p>\n","protected":false},"author":17,"featured_media":0,"comment_status":"open","ping_status":"open","sticky":false,"template":"","format":"standard","meta":{"footnotes":""},"categories":[303,24,1043],"tags":[8865,610,655],"class_list":["post-49548","post","type-post","status-publish","format-standard","hentry","category-in-unserem-briefkasten","category-politik","category-pressemitteilungen","tag-bundestagswahl-2021","tag-freie-wahler","tag-pressemitteilung"],"_links":{"self":[{"href":"https:\/\/www.schiebener.net\/wordpress\/wp-json\/wp\/v2\/posts\/49548","targetHints":{"allow":["GET"]}}],"collection":[{"href":"https:\/\/www.schiebener.net\/wordpress\/wp-json\/wp\/v2\/posts"}],"about":[{"href":"https:\/\/www.schiebener.net\/wordpress\/wp-json\/wp\/v2\/types\/post"}],"author":[{"embeddable":true,"href":"https:\/\/www.schiebener.net\/wordpress\/wp-json\/wp\/v2\/users\/17"}],"replies":[{"embeddable":true,"href":"https:\/\/www.schiebener.net\/wordpress\/wp-json\/wp\/v2\/comments?post=49548"}],"version-history":[{"count":0,"href":"https:\/\/www.schiebener.net\/wordpress\/wp-json\/wp\/v2\/posts\/49548\/revisions"}],"wp:attachment":[{"href":"https:\/\/www.schiebener.net\/wordpress\/wp-json\/wp\/v2\/media?parent=49548"}],"wp:term":[{"taxonomy":"category","embeddable":true,"href":"https:\/\/www.schiebener.net\/wordpress\/wp-json\/wp\/v2\/categories?post=49548"},{"taxonomy":"post_tag","embeddable":true,"href":"https:\/\/www.schiebener.net\/wordpress\/wp-json\/wp\/v2\/tags?post=49548"}],"curies":[{"name":"wp","href":"https:\/\/api.w.org\/{rel}","templated":true}]}}