{"id":49521,"date":"2021-08-13T11:57:26","date_gmt":"2021-08-13T10:57:26","guid":{"rendered":"https:\/\/www.schiebener.net\/wordpress\/?p=49521"},"modified":"2021-08-13T11:57:26","modified_gmt":"2021-08-13T10:57:26","slug":"corona-virus-im-hochsauerlandkreis-16-neuinfizierte-16-genesene-3-stationaer-die-7-tage-inzidenz-betraegt-354","status":"publish","type":"post","link":"https:\/\/www.schiebener.net\/wordpress\/corona-virus-im-hochsauerlandkreis-16-neuinfizierte-16-genesene-3-stationaer-die-7-tage-inzidenz-betraegt-354\/","title":{"rendered":"Corona-Virus im Hochsauerlandkreis: 16 Neuinfizierte, 16 Genesene, 3 station\u00e4r. Die 7-Tage-Inzidenz betr\u00e4gt 35,4."},"content":{"rendered":"<p><img loading=\"lazy\" decoding=\"async\" src=\"https:\/\/www.schiebener.net\/wordpress\/wp-content\/uploads\/2009\/02\/lt_briefkasten01.jpg\" alt=\"In unserem Briefkasten\" width=\"120\" height=\"91\" class=\"alignleft size-full wp-image-2182\" \/><strong>Mit Stand von Freitag, 13. August, 9 Uhr, gibt es im Hochsauerlandkreis kreisweit 16 Neuinfizierte und 16 Genesene. Die 7-Tage-Inzidenz betr\u00e4gt 35,4 (Stand 13. August, 0 Uhr).<\/strong><\/p>\n<p><em>(Pressemitteilung HSK)<\/em><\/p>\n<p>Die Statistik weist damit 114 Infizierte, 9.810 Genesene sowie 10.126 best\u00e4tigte F\u00e4lle auf. Der Hochsauerlandkreis muss einen weiteren Todesfall vermelden. Am 11.  August ist ein 71-j\u00e4hriger Mann aus Arnsberg verstorben. Damit sind es jetzt 202 Sterbef\u00e4lle in Verbindung mit einer Corona-Infektion.<\/p>\n<p>Station\u00e4r werden drei Personen behandelt, zwei intensivmedizinisch und davon wird eine Person beatmet.<\/p>\n<p>Alle 114 infizierten Personen verteilen sich insgesamt wie folgt auf die St\u00e4dte und Gemeinden: Arnsberg (47), Bestwig (5), Brilon (8), Eslohe (4), Hallenberg (0), Marsberg (1), Medebach (0), Meschede (21), Olsberg (3), Schmallenberg (6), Sundern (18) und Winterberg (1).<\/p>\n","protected":false},"excerpt":{"rendered":"<p>Mit Stand von Freitag, 13. August, 9 Uhr, gibt es im Hochsauerlandkreis kreisweit 16 Neuinfizierte und 16 Genesene. Die 7-Tage-Inzidenz betr\u00e4gt 35,4 (Stand 13. August, 0 Uhr). (Pressemitteilung HSK) Die &hellip; <a href=\"https:\/\/www.schiebener.net\/wordpress\/corona-virus-im-hochsauerlandkreis-16-neuinfizierte-16-genesene-3-stationaer-die-7-tage-inzidenz-betraegt-354\/\" class=\"more-link\"><span class=\"screen-reader-text\">\u201eCorona-Virus im Hochsauerlandkreis: 16 Neuinfizierte, 16 Genesene, 3 station\u00e4r. Die 7-Tage-Inzidenz betr\u00e4gt 35,4.\u201c <\/span>weiterlesen<\/a><\/p>\n","protected":false},"author":17,"featured_media":0,"comment_status":"open","ping_status":"open","sticky":false,"template":"","format":"standard","meta":{"footnotes":""},"categories":[7088,303,80,1043],"tags":[8645,8580,8610,655],"class_list":["post-49521","post","type-post","status-publish","format-standard","hentry","category-gesundheit","category-in-unserem-briefkasten","category-lokales","category-pressemitteilungen","tag-corona-krise","tag-covid-19","tag-pandemie","tag-pressemitteilung"],"_links":{"self":[{"href":"https:\/\/www.schiebener.net\/wordpress\/wp-json\/wp\/v2\/posts\/49521","targetHints":{"allow":["GET"]}}],"collection":[{"href":"https:\/\/www.schiebener.net\/wordpress\/wp-json\/wp\/v2\/posts"}],"about":[{"href":"https:\/\/www.schiebener.net\/wordpress\/wp-json\/wp\/v2\/types\/post"}],"author":[{"embeddable":true,"href":"https:\/\/www.schiebener.net\/wordpress\/wp-json\/wp\/v2\/users\/17"}],"replies":[{"embeddable":true,"href":"https:\/\/www.schiebener.net\/wordpress\/wp-json\/wp\/v2\/comments?post=49521"}],"version-history":[{"count":0,"href":"https:\/\/www.schiebener.net\/wordpress\/wp-json\/wp\/v2\/posts\/49521\/revisions"}],"wp:attachment":[{"href":"https:\/\/www.schiebener.net\/wordpress\/wp-json\/wp\/v2\/media?parent=49521"}],"wp:term":[{"taxonomy":"category","embeddable":true,"href":"https:\/\/www.schiebener.net\/wordpress\/wp-json\/wp\/v2\/categories?post=49521"},{"taxonomy":"post_tag","embeddable":true,"href":"https:\/\/www.schiebener.net\/wordpress\/wp-json\/wp\/v2\/tags?post=49521"}],"curies":[{"name":"wp","href":"https:\/\/api.w.org\/{rel}","templated":true}]}}