{"id":49516,"date":"2021-08-10T18:58:22","date_gmt":"2021-08-10T17:58:22","guid":{"rendered":"https:\/\/www.schiebener.net\/wordpress\/?p=49516"},"modified":"2021-08-10T18:58:22","modified_gmt":"2021-08-10T17:58:22","slug":"hsk-impfbus-zwei-zusaetzliche-termine-in-marsberg-und-medebach-impfzentrum-olsberg-mit-geaenderten-oeffnungszeiten-ab-dem-15-august","status":"publish","type":"post","link":"https:\/\/www.schiebener.net\/wordpress\/hsk-impfbus-zwei-zusaetzliche-termine-in-marsberg-und-medebach-impfzentrum-olsberg-mit-geaenderten-oeffnungszeiten-ab-dem-15-august\/","title":{"rendered":"HSK-Impfbus: Zwei zus\u00e4tzliche Termine in Marsberg und Medebach.  Impfzentrum Olsberg mit ge\u00e4nderten \u00d6ffnungszeiten ab dem 15. August."},"content":{"rendered":"<figure id=\"attachment_49411\" aria-describedby=\"caption-attachment-49411\" style=\"width: 700px\" class=\"wp-caption aligncenter\"><img loading=\"lazy\" decoding=\"async\" class=\"wp-image-49411\" src=\"https:\/\/www.schiebener.net\/wordpress\/wp-content\/uploads\/2021\/07\/20210729Impfbus.jpg\" alt=\"\" width=\"700\" height=\"525\" srcset=\"https:\/\/www.schiebener.net\/wordpress\/wp-content\/uploads\/2021\/07\/20210729Impfbus.jpg 1024w, https:\/\/www.schiebener.net\/wordpress\/wp-content\/uploads\/2021\/07\/20210729Impfbus-300x225.jpg 300w, https:\/\/www.schiebener.net\/wordpress\/wp-content\/uploads\/2021\/07\/20210729Impfbus-768x576.jpg 768w\" sizes=\"auto, (max-width: 709px) 85vw, (max-width: 909px) 67vw, (max-width: 984px) 61vw, (max-width: 1362px) 45vw, 600px\" \/><figcaption id=\"caption-attachment-49411\" class=\"wp-caption-text\">Der Impfbus des Hochsauerlandkreises bietet spontane Impfgelegenheiten an. (Copyright: HSK)<\/figcaption><\/figure>\n<p><strong>Das Impfbus-Organisationsteam des Hochsauerlandkreises bietet zwei weitere spontane Impfgelegenheiten an: Marsberger B\u00fcrgerinnen und B\u00fcrger haben am Freitag, den 13. August, die M\u00f6glichkeit sich auf dem Marktkauf-Parkplatz impfen zu lassen und am Donnerstag, den 26. August, steht der Impfbus auf dem Marktplatz in Medebach.<\/strong><\/p>\n<p><em>(Pressemitteilung HSK)<\/em><\/p>\n<p>Der Impfbus tourt insgesamt an neun Tagen im Kreisgebiet:<\/p>\n<ul>\n<li>Mittwoch, 11. August, 9 &#8211; 15 Uhr: Meschede, Busbahnhof,<\/li>\n<li>Donnerstag, 12. August, 9 &#8211; 15 Uhr: Schmallenberg, Sch\u00fctzenplatz,<\/li>\n<li>Freitag, 13. August, 12 &#8211; 18 Uhr: Marsberg, Parkplatz Marktkauf<\/li>\n<li>Samstag, 14. August, 9 &#8211; 15 Uhr: Neheim Marktplatz,<\/li>\n<li>Mittwoch, 18. August, 9 &#8211; 15 Uhr: Hallenberg, Heinrich-Hugo-Platz,<\/li>\n<li>Donnerstag, 19. August, 9 &#8211; 15 Uhr: Neheim, Marktplatz,<\/li>\n<li>Freitag, 20. August, 12 &#8211; 18 Uhr: Winterberg, Parkplatz Zentrum (vor dem E-Center),<\/li>\n<li>Samstag, 21. August, 9 &#8211; 15 Uhr: Eslohe, Esselmarkt<\/li>\n<li>Donnerstag, 26. August, 12 &#8211; 18 Uhr: Medebach Marktplatz.<\/li>\n<\/ul>\n<p>Das Angebot richtet sich an alle Impfwilligen ab 16 Jahre. Es steht ausreichend Impfstoff von Biontech (ab 16 Jahre), Moderna (ab 18 Jahre) und Johnson &amp; Johnson (Einmalimpfung \/ ab 18 Jahre) zur Verf\u00fcgung. Alle Interessierte haben vor Ort die Wahl, welchen Impfstoff sie bevorzugen.<\/p>\n<p>Mitzubringen ist ein Ausweisdokument, im Idealfall der Personalausweis, und \u2013 sofern vorhanden \u2013 der Impfausweis. Alle weiteren Unterlagen k\u00f6nnen vor Ort ausgef\u00fcllt werden.<\/p>\n<p><strong>Ge\u00e4nderte \u00d6ffnungszeiten des Impfzentrums<\/strong><\/p>\n<p>Das Organisationsteam weist au\u00dferdem daraufhin, dass aufgrund der geringen Auslastung des Impfzentrums die \u00d6ffnungszeiten angepasst werden. Ab Sonntag, den 15. August, wird das Impfzentrum t\u00e4glich erst ab 14 Uhr ge\u00f6ffnet. Und ab Montag, den 23. August, werden die landesweit einheitlichen Mindest\u00f6ffnungszeiten umgesetzt, d.h. das Impfzentrum ist jeweils ge\u00f6ffnet von Mittwoch bis Sonntag von 14 bis 20 Uhr. Montags und dienstags bleibt das Impfzentrum geschlossen. Das bedeutet, dass das Impfzentrum am 23. August (Montag) und am 24. August (Dienstag) bereits geschlossen hat.<\/p>\n","protected":false},"excerpt":{"rendered":"<p>Das Impfbus-Organisationsteam des Hochsauerlandkreises bietet zwei weitere spontane Impfgelegenheiten an: Marsberger B\u00fcrgerinnen und B\u00fcrger haben am Freitag, den 13. August, die M\u00f6glichkeit sich auf dem Marktkauf-Parkplatz impfen zu lassen und &hellip; <a href=\"https:\/\/www.schiebener.net\/wordpress\/hsk-impfbus-zwei-zusaetzliche-termine-in-marsberg-und-medebach-impfzentrum-olsberg-mit-geaenderten-oeffnungszeiten-ab-dem-15-august\/\" class=\"more-link\"><span class=\"screen-reader-text\">\u201eHSK-Impfbus: Zwei zus\u00e4tzliche Termine in Marsberg und Medebach.  Impfzentrum Olsberg mit ge\u00e4nderten \u00d6ffnungszeiten ab dem 15. August.\u201c <\/span>weiterlesen<\/a><\/p>\n","protected":false},"author":17,"featured_media":0,"comment_status":"open","ping_status":"open","sticky":false,"template":"","format":"standard","meta":{"footnotes":""},"categories":[7088,303,80,1043],"tags":[8645,8580,8867,8823,8610,655],"class_list":["post-49516","post","type-post","status-publish","format-standard","hentry","category-gesundheit","category-in-unserem-briefkasten","category-lokales","category-pressemitteilungen","tag-corona-krise","tag-covid-19","tag-impfbus","tag-impfzentrum-olsberg","tag-pandemie","tag-pressemitteilung"],"_links":{"self":[{"href":"https:\/\/www.schiebener.net\/wordpress\/wp-json\/wp\/v2\/posts\/49516","targetHints":{"allow":["GET"]}}],"collection":[{"href":"https:\/\/www.schiebener.net\/wordpress\/wp-json\/wp\/v2\/posts"}],"about":[{"href":"https:\/\/www.schiebener.net\/wordpress\/wp-json\/wp\/v2\/types\/post"}],"author":[{"embeddable":true,"href":"https:\/\/www.schiebener.net\/wordpress\/wp-json\/wp\/v2\/users\/17"}],"replies":[{"embeddable":true,"href":"https:\/\/www.schiebener.net\/wordpress\/wp-json\/wp\/v2\/comments?post=49516"}],"version-history":[{"count":0,"href":"https:\/\/www.schiebener.net\/wordpress\/wp-json\/wp\/v2\/posts\/49516\/revisions"}],"wp:attachment":[{"href":"https:\/\/www.schiebener.net\/wordpress\/wp-json\/wp\/v2\/media?parent=49516"}],"wp:term":[{"taxonomy":"category","embeddable":true,"href":"https:\/\/www.schiebener.net\/wordpress\/wp-json\/wp\/v2\/categories?post=49516"},{"taxonomy":"post_tag","embeddable":true,"href":"https:\/\/www.schiebener.net\/wordpress\/wp-json\/wp\/v2\/tags?post=49516"}],"curies":[{"name":"wp","href":"https:\/\/api.w.org\/{rel}","templated":true}]}}