{"id":49471,"date":"2021-08-05T09:09:13","date_gmt":"2021-08-05T08:09:13","guid":{"rendered":"https:\/\/www.schiebener.net\/wordpress\/?p=49471"},"modified":"2021-08-05T09:09:13","modified_gmt":"2021-08-05T08:09:13","slug":"impfzentrum-olsberg-terminbuchung-kinderimpfung-und-geaenderte-oeffnungszeiten","status":"publish","type":"post","link":"https:\/\/www.schiebener.net\/wordpress\/impfzentrum-olsberg-terminbuchung-kinderimpfung-und-geaenderte-oeffnungszeiten\/","title":{"rendered":"Impfzentrum Olsberg: Terminbuchung Kinderimpfung und ge\u00e4nderte \u00d6ffnungszeiten"},"content":{"rendered":"<figure id=\"attachment_47426\" aria-describedby=\"caption-attachment-47426\" style=\"width: 700px\" class=\"wp-caption aligncenter\"><img loading=\"lazy\" decoding=\"async\" class=\"wp-image-47426\" src=\"https:\/\/www.schiebener.net\/wordpress\/wp-content\/uploads\/2020\/10\/1024px-SARS-CoV-2_without_background.png\" alt=\"\" width=\"700\" height=\"701\" srcset=\"https:\/\/www.schiebener.net\/wordpress\/wp-content\/uploads\/2020\/10\/1024px-SARS-CoV-2_without_background.png 1024w, https:\/\/www.schiebener.net\/wordpress\/wp-content\/uploads\/2020\/10\/1024px-SARS-CoV-2_without_background-300x300.png 300w, https:\/\/www.schiebener.net\/wordpress\/wp-content\/uploads\/2020\/10\/1024px-SARS-CoV-2_without_background-150x150.png 150w, https:\/\/www.schiebener.net\/wordpress\/wp-content\/uploads\/2020\/10\/1024px-SARS-CoV-2_without_background-768x769.png 768w, https:\/\/www.schiebener.net\/wordpress\/wp-content\/uploads\/2020\/10\/1024px-SARS-CoV-2_without_background-200x200.png 200w\" sizes=\"auto, (max-width: 709px) 85vw, (max-width: 909px) 67vw, (max-width: 984px) 61vw, (max-width: 1362px) 45vw, 600px\" \/><figcaption id=\"caption-attachment-47426\" class=\"wp-caption-text\">Quelle: CDC <a href=\"https:\/\/phil.cdc.gov\/Details.aspx?pid=23312\" target=\"_blank\" rel=\"noopener\">https:\/\/phil.cdc.gov\/Details.aspx?pid=23312 <\/a>(Bild: Alissa Eckert, MSMI, Dan Higgins, MAMS)<\/figcaption><\/figure>\n<p><strong>Hochsauerlandkreis. Das Impf-Organisationsteam weitet sein Angebot aus: Aufgrund der hohen Nachfrage nach der Impfung f\u00fcr Kinder und Jugendliche ab 12 Jahren bietet das Impfzentrum Olsberg jetzt auch freitags ab 14 Uhr die Coronaschutzimpfung an.<\/strong><\/p>\n<p>Freitags und samstags stehen ab 14 Uhr Kinder\u00e4rzte zur Verf\u00fcgung, die ausf\u00fchrlich beraten und auch das Aufkl\u00e4rungsgespr\u00e4ch mit den Kindern und Eltern f\u00fchren. Damit das eigene Kind geimpft werden kann, muss die Einwilligung aller sorgeberechtigten Personen bzw. beider Eltern vorliegen. Das Formular ist auf der Internetseite des Hochsauerlandkreises <a href=\"http:\/\/www.hochsauerlandkreis.de\" target=\"_blank\" rel=\"noopener\">www.hochsauerlandkreis.de<\/a> zu finden.<\/p>\n<p>F\u00fcr das Aufkl\u00e4rungsgespr\u00e4ch sollte etwas mehr Zeit mitgebracht werden, damit entsprechend der Empfehlung der st\u00e4ndigen Impfkommission eine ausf\u00fchrliche medizinische Beratung sichergestellt ist. Zum Impftermin muss das Kind von einer sorgeberechtigten Person begleitet werden.<\/p>\n<p>Da die Kinder\u00e4rzte aufgrund der ausf\u00fchrlichen Beratungen nur begrenzte Zeitfenster haben, werden Interessierte gebeten, einen Termin \u00fcber die KVWL unter <a href=\"http:\/\/www.116117.de\" target=\"_blank\" rel=\"noopener\">www.116117.de<\/a> zu buchen. F\u00fcr den Termin sollten der Personalausweis und falls vorhanden Impfpass und Gesundheitskarte mitgebracht werden. Die Impfunterlagen des RIKs enthalten nun auch entsprechende Passagen f\u00fcr die Impfung von Kindern ab zw\u00f6lf Jahren (<a href=\"http:\/\/www.rki.de\" target=\"_blank\" rel=\"noopener\">www.rki.de<\/a>; Stichwort &#8222;Aufkl\u00e4rungsbogen&#8220;). Gern d\u00fcrfen diese bereits mit den Unterschriften der nicht anwesenden sorgeberechtigten Personen mitgebracht werden.<\/p>\n<p>Weiterhin bietet das Impfzentrum &#8222;Impfen ohne Termin&#8220; an. Alle Interessierten ab 16 Jahre erhalten Biontech. F\u00fcr B\u00fcrgerinnen und B\u00fcrger, die einen sofortigen Impfschutz haben m\u00f6chten oder geplant haben in den Urlaub zu fahren, besteht die M\u00f6glichkeit mit Johnson und Johnson geimpft zu werden. Er ist zugelassen f\u00fcr alle \u00fcber 18-J\u00e4hrige, eine Terminbuchung ist ebenfalls nicht erforderlich.<\/p>\n<p>Das Impfzentrum ist bis zum 8. August von 8 bis 20 Uhr ge\u00f6ffnet. Ohne Termin kann bis 18 Uhr gekommen werden. Personen mit Termin werden immer bevorzugt. Termine k\u00f6nne weiterhin \u00fcber www.116117.de und 0800 116117 02 gebucht werden.<\/p>\n","protected":false},"excerpt":{"rendered":"<p>Hochsauerlandkreis. Das Impf-Organisationsteam weitet sein Angebot aus: Aufgrund der hohen Nachfrage nach der Impfung f\u00fcr Kinder und Jugendliche ab 12 Jahren bietet das Impfzentrum Olsberg jetzt auch freitags ab 14 &hellip; <a href=\"https:\/\/www.schiebener.net\/wordpress\/impfzentrum-olsberg-terminbuchung-kinderimpfung-und-geaenderte-oeffnungszeiten\/\" class=\"more-link\"><span class=\"screen-reader-text\">\u201eImpfzentrum Olsberg: Terminbuchung Kinderimpfung und ge\u00e4nderte \u00d6ffnungszeiten\u201c <\/span>weiterlesen<\/a><\/p>\n","protected":false},"author":17,"featured_media":0,"comment_status":"open","ping_status":"open","sticky":false,"template":"","format":"standard","meta":{"footnotes":""},"categories":[3,7088,303,80,1043],"tags":[8645,8580,8867,8823,8610,655],"class_list":["post-49471","post","type-post","status-publish","format-standard","hentry","category-bildung-und-schule","category-gesundheit","category-in-unserem-briefkasten","category-lokales","category-pressemitteilungen","tag-corona-krise","tag-covid-19","tag-impfbus","tag-impfzentrum-olsberg","tag-pandemie","tag-pressemitteilung"],"_links":{"self":[{"href":"https:\/\/www.schiebener.net\/wordpress\/wp-json\/wp\/v2\/posts\/49471","targetHints":{"allow":["GET"]}}],"collection":[{"href":"https:\/\/www.schiebener.net\/wordpress\/wp-json\/wp\/v2\/posts"}],"about":[{"href":"https:\/\/www.schiebener.net\/wordpress\/wp-json\/wp\/v2\/types\/post"}],"author":[{"embeddable":true,"href":"https:\/\/www.schiebener.net\/wordpress\/wp-json\/wp\/v2\/users\/17"}],"replies":[{"embeddable":true,"href":"https:\/\/www.schiebener.net\/wordpress\/wp-json\/wp\/v2\/comments?post=49471"}],"version-history":[{"count":0,"href":"https:\/\/www.schiebener.net\/wordpress\/wp-json\/wp\/v2\/posts\/49471\/revisions"}],"wp:attachment":[{"href":"https:\/\/www.schiebener.net\/wordpress\/wp-json\/wp\/v2\/media?parent=49471"}],"wp:term":[{"taxonomy":"category","embeddable":true,"href":"https:\/\/www.schiebener.net\/wordpress\/wp-json\/wp\/v2\/categories?post=49471"},{"taxonomy":"post_tag","embeddable":true,"href":"https:\/\/www.schiebener.net\/wordpress\/wp-json\/wp\/v2\/tags?post=49471"}],"curies":[{"name":"wp","href":"https:\/\/api.w.org\/{rel}","templated":true}]}}