{"id":49458,"date":"2021-08-04T19:22:58","date_gmt":"2021-08-04T18:22:58","guid":{"rendered":"https:\/\/www.schiebener.net\/wordpress\/?p=49458"},"modified":"2021-08-04T19:22:58","modified_gmt":"2021-08-04T18:22:58","slug":"corona-virus-im-hochsauerlandkreis-19-neuinfizierte-5-genesene-7-stationaer-fuer-den-hsk-impfbus-stehen-weitere-termine-fest","status":"publish","type":"post","link":"https:\/\/www.schiebener.net\/wordpress\/corona-virus-im-hochsauerlandkreis-19-neuinfizierte-5-genesene-7-stationaer-fuer-den-hsk-impfbus-stehen-weitere-termine-fest\/","title":{"rendered":"Corona-Virus im Hochsauerlandkreis: 19 Neuinfizierte, 5 Genesene, 7 station\u00e4r. F\u00fcr  den HSK-Impfbus stehen weitere Termine fest."},"content":{"rendered":"<figure id=\"attachment_49411\" aria-describedby=\"caption-attachment-49411\" style=\"width: 700px\" class=\"wp-caption aligncenter\"><a href=\"https:\/\/www.schiebener.net\/wordpress\/wp-content\/uploads\/2021\/07\/20210729Impfbus.jpg\" target=\"_blank\" rel=\"noopener\"><img loading=\"lazy\" decoding=\"async\" class=\"wp-image-49411\" src=\"https:\/\/www.schiebener.net\/wordpress\/wp-content\/uploads\/2021\/07\/20210729Impfbus.jpg\" alt=\"Der Impfbus des Hochsauerlandkreises bietet spontane Impfgelegenheiten an. \" width=\"700\" height=\"525\" srcset=\"https:\/\/www.schiebener.net\/wordpress\/wp-content\/uploads\/2021\/07\/20210729Impfbus.jpg 1024w, https:\/\/www.schiebener.net\/wordpress\/wp-content\/uploads\/2021\/07\/20210729Impfbus-300x225.jpg 300w, https:\/\/www.schiebener.net\/wordpress\/wp-content\/uploads\/2021\/07\/20210729Impfbus-768x576.jpg 768w\" sizes=\"auto, (max-width: 709px) 85vw, (max-width: 909px) 67vw, (max-width: 984px) 61vw, (max-width: 1362px) 45vw, 600px\" \/><\/a><figcaption id=\"caption-attachment-49411\" class=\"wp-caption-text\">Der Impfbus des Hochsauerlandkreises bietet spontane Impfgelegenheiten an. (Copyright: HSK)<\/figcaption><\/figure>\n<p><strong>Die Statistik des Kreisgesundheitsamtes verzeichnet am Mittwoch, 04. August, 9 Uhr, kreisweit 19 Neuinfizierte und f\u00fcnf Genesene. Die 7-Tage-Inzidenz betr\u00e4gt 33,1 (Stand 04. August, 0 Uhr).<\/strong><\/p>\n<p><em>(Pressemitteilung HSK)<\/em><\/p>\n<p>Insgesamt sind es damit aktuell 108 Infizierte, 9.699 Genesene, 10.008 best\u00e4tigte F\u00e4lle sowie 201 Sterbef\u00e4lle in Verbindung mit einer Corona-Infektion. Station\u00e4r werden sieben Personen behandelt, davon zwei intensivmedizinisch.<\/p>\n<p>Die Infizierten verteilen sich insgesamt wie folgt auf die St\u00e4dte und Gemeinden: Arnsberg (24), Bestwig (2), Brilon (4), Eslohe (13), Hallenberg (0), Marsberg (3), Medebach (0), Meschede (37), Olsberg (7), Schmallenberg (5), Sundern (10) und Winterberg (3).<\/p>\n<p><strong>Der Impfbus des Hochsauerlandkreises geht weiter auf Tour: Los geht es am Freitag, den 6. August, 9 bis 14 Uhr, an der Fachhochschule in Meschede.<\/strong><\/p>\n<p>Nachdem am vergangenen Samstag der Impfbus in Sundern unterwegs war und sich \u00fcber 100 B\u00fcrgerinnen und B\u00fcrger impfen lie\u00dfen, verspricht sich das Organisationsteam des Impfzentrums Olsberg auch in den anderen St\u00e4dten und Gemeinden des Hochsauerlandkreises einen hohen Zuspruch der spontanen Impfaktion.<\/p>\n<p><strong>Weitere Termine finden statt am:<\/strong><\/p>\n<ul>\n<li>Samstag, 07. August, 9 &#8211; 14 Uhr: Brilon Marktplatz,<\/li>\n<li>Mittwoch, 11. August, 9 &#8211; 15 Uhr: Meschede Busbahnhof,<\/li>\n<li>Donnerstag, 12. August, 9 &#8211; 15 Uhr: Schmallenberg Sch\u00fctzenplatz,<\/li>\n<li>Samstag, 14. August, 9 &#8211; 15 Uhr: Neheim Marktplatz,<\/li>\n<li>Mittwoch, 18. August, 9 &#8211; 15 Uhr: Hallenberg Heinrich-Hugo-Platz,<\/li>\n<li>Donnerstag, 19. August, 9 &#8211; 15 Uhr: Neheim Marktplatz,<\/li>\n<li>Freitag, 20. August, 12 &#8211; 18 Uhr: Winterberg Parkplatz Zentrum (vor dem E-Center),<\/li>\n<li>Samstag, 21. August, 9 &#8211; 15 Uhr: Eslohe Esselmarkt.<\/li>\n<\/ul>\n<p>Das Angebot richtet sich an alle Impfwilligen ab 16 Jahre. Es steht ausreichend Impfstoff von Biontech (ab 16 Jahre), Moderna (ab 18 Jahre) und Johnson &amp; Johnson (Einmalimpfung \/ ab 18 Jahre) zur Verf\u00fcgung. Alle Interessierte haben vor Ort die Wahl, welchen Impfstoff sie bevorzugen.<\/p>\n<p>Mitzubringen ist ein Ausweisdokument, im Idealfall der Personalausweis, und \u2013 sofern vorhanden \u2013 der Impfausweis. Alle weiteren Unterlagen k\u00f6nnen vor Ort ausgef\u00fcllt werden.<\/p>\n","protected":false},"excerpt":{"rendered":"<p>Die Statistik des Kreisgesundheitsamtes verzeichnet am Mittwoch, 04. August, 9 Uhr, kreisweit 19 Neuinfizierte und f\u00fcnf Genesene. Die 7-Tage-Inzidenz betr\u00e4gt 33,1 (Stand 04. August, 0 Uhr). (Pressemitteilung HSK) Insgesamt sind &hellip; <a href=\"https:\/\/www.schiebener.net\/wordpress\/corona-virus-im-hochsauerlandkreis-19-neuinfizierte-5-genesene-7-stationaer-fuer-den-hsk-impfbus-stehen-weitere-termine-fest\/\" class=\"more-link\"><span class=\"screen-reader-text\">\u201eCorona-Virus im Hochsauerlandkreis: 19 Neuinfizierte, 5 Genesene, 7 station\u00e4r. F\u00fcr  den HSK-Impfbus stehen weitere Termine fest.\u201c <\/span>weiterlesen<\/a><\/p>\n","protected":false},"author":17,"featured_media":0,"comment_status":"open","ping_status":"open","sticky":false,"template":"","format":"standard","meta":{"footnotes":""},"categories":[7088,303,80,1043],"tags":[8645,8580,8867,8823,8610,655],"class_list":["post-49458","post","type-post","status-publish","format-standard","hentry","category-gesundheit","category-in-unserem-briefkasten","category-lokales","category-pressemitteilungen","tag-corona-krise","tag-covid-19","tag-impfbus","tag-impfzentrum-olsberg","tag-pandemie","tag-pressemitteilung"],"_links":{"self":[{"href":"https:\/\/www.schiebener.net\/wordpress\/wp-json\/wp\/v2\/posts\/49458","targetHints":{"allow":["GET"]}}],"collection":[{"href":"https:\/\/www.schiebener.net\/wordpress\/wp-json\/wp\/v2\/posts"}],"about":[{"href":"https:\/\/www.schiebener.net\/wordpress\/wp-json\/wp\/v2\/types\/post"}],"author":[{"embeddable":true,"href":"https:\/\/www.schiebener.net\/wordpress\/wp-json\/wp\/v2\/users\/17"}],"replies":[{"embeddable":true,"href":"https:\/\/www.schiebener.net\/wordpress\/wp-json\/wp\/v2\/comments?post=49458"}],"version-history":[{"count":0,"href":"https:\/\/www.schiebener.net\/wordpress\/wp-json\/wp\/v2\/posts\/49458\/revisions"}],"wp:attachment":[{"href":"https:\/\/www.schiebener.net\/wordpress\/wp-json\/wp\/v2\/media?parent=49458"}],"wp:term":[{"taxonomy":"category","embeddable":true,"href":"https:\/\/www.schiebener.net\/wordpress\/wp-json\/wp\/v2\/categories?post=49458"},{"taxonomy":"post_tag","embeddable":true,"href":"https:\/\/www.schiebener.net\/wordpress\/wp-json\/wp\/v2\/tags?post=49458"}],"curies":[{"name":"wp","href":"https:\/\/api.w.org\/{rel}","templated":true}]}}