{"id":49419,"date":"2021-07-30T20:42:39","date_gmt":"2021-07-30T19:42:39","guid":{"rendered":"https:\/\/www.schiebener.net\/wordpress\/?p=49419"},"modified":"2021-07-30T21:46:40","modified_gmt":"2021-07-30T20:46:40","slug":"hochsauerlandkreis-bundestagswahl-kreiswahlausschuss-laesst-neun-direktkandidaten-zu","status":"publish","type":"post","link":"https:\/\/www.schiebener.net\/wordpress\/hochsauerlandkreis-bundestagswahl-kreiswahlausschuss-laesst-neun-direktkandidaten-zu\/","title":{"rendered":"Hochsauerlandkreis:  Bundestagswahl \u2013 Kreiswahlausschuss l\u00e4sst acht Direktkandidaten und eine Direktkandidatin zu."},"content":{"rendered":"<figure id=\"attachment_49420\" aria-describedby=\"caption-attachment-49420\" style=\"width: 700px\" class=\"wp-caption aligncenter\"><img loading=\"lazy\" decoding=\"async\" class=\"size-full wp-image-49420\" src=\"https:\/\/www.schiebener.net\/wordpress\/wp-content\/uploads\/2021\/07\/20210515Justizia.jpg\" alt=\"\" width=\"700\" height=\"1166\" srcset=\"https:\/\/www.schiebener.net\/wordpress\/wp-content\/uploads\/2021\/07\/20210515Justizia.jpg 700w, https:\/\/www.schiebener.net\/wordpress\/wp-content\/uploads\/2021\/07\/20210515Justizia-180x300.jpg 180w, https:\/\/www.schiebener.net\/wordpress\/wp-content\/uploads\/2021\/07\/20210515Justizia-615x1024.jpg 615w\" sizes=\"auto, (max-width: 709px) 85vw, (max-width: 909px) 67vw, (max-width: 984px) 61vw, (max-width: 1362px) 45vw, 600px\" \/><figcaption id=\"caption-attachment-49420\" class=\"wp-caption-text\">Justitia als Fassadengem\u00e4lde. (foto: zoom)<\/figcaption><\/figure>\n<p><strong>Der Wahlausschuss des Hochsauerlandkreises hat in seiner Sitzung am Freitag, 30. Juli, folgende neun Wahlvorschl\u00e4ge f\u00fcr die Bundestagswahl am Sonntag, 26. September im Wahlkreis 147 \u2013 Hochsauerlandkreis, zugelassen:<\/strong><\/p>\n<ul>\n<li>Friedrich Merz, Arnsberg, CDU<\/li>\n<li>Dirk Wiese, Brilon, SPD<\/li>\n<li>Carl-Julius Cronenberg, Arnsberg, FDP<\/li>\n<li>Otto Winfried Strau\u00df, Arnsberg, AfD<\/li>\n<li>Maria Tillmann, Sundern, GR\u00dcNE<\/li>\n<li>Karl-Ludwig G\u00f6ssling, Bestwig, DIE LINKE<\/li>\n<li>Andreas H\u00f6velmann, Arnsberg, Die PARTEI<\/li>\n<li>Sebastian Vielhaber, Winterberg, FREIE W\u00c4HLER<\/li>\n<li>Klaus Selter, Bestwig, dieBasis<\/li>\n<\/ul>\n<p>Details folgen. Die Kandidaten der Rechtsextremen Parteien habt ihr sofort gesehen. Dann gibt es noch einen schwarzen Million\u00e4r, einen Seeheimer, einen Erben, eine Frau, eine zerstrittene Partei, eine M\u00e4nner-Partei mit guten Spr\u00fcchen und die Partei im Dreieck von CDU, FDP und AfD.<\/p>\n<p>Irgendwas falsch? Irgendwas vergessen?<\/p>\n","protected":false},"excerpt":{"rendered":"<p>Der Wahlausschuss des Hochsauerlandkreises hat in seiner Sitzung am Freitag, 30. Juli, folgende neun Wahlvorschl\u00e4ge f\u00fcr die Bundestagswahl am Sonntag, 26. September im Wahlkreis 147 \u2013 Hochsauerlandkreis, zugelassen: Friedrich Merz, &hellip; <a href=\"https:\/\/www.schiebener.net\/wordpress\/hochsauerlandkreis-bundestagswahl-kreiswahlausschuss-laesst-neun-direktkandidaten-zu\/\" class=\"more-link\"><span class=\"screen-reader-text\">\u201eHochsauerlandkreis:  Bundestagswahl \u2013 Kreiswahlausschuss l\u00e4sst acht Direktkandidaten und eine Direktkandidatin zu.\u201c <\/span>weiterlesen<\/a><\/p>\n","protected":false},"author":3,"featured_media":0,"comment_status":"open","ping_status":"open","sticky":false,"template":"","format":"standard","meta":{"footnotes":""},"categories":[303,24,1043],"tags":[8865,835,655],"class_list":["post-49419","post","type-post","status-publish","format-standard","hentry","category-in-unserem-briefkasten","category-politik","category-pressemitteilungen","tag-bundestagswahl-2021","tag-hochsauerlandkreis","tag-pressemitteilung"],"_links":{"self":[{"href":"https:\/\/www.schiebener.net\/wordpress\/wp-json\/wp\/v2\/posts\/49419","targetHints":{"allow":["GET"]}}],"collection":[{"href":"https:\/\/www.schiebener.net\/wordpress\/wp-json\/wp\/v2\/posts"}],"about":[{"href":"https:\/\/www.schiebener.net\/wordpress\/wp-json\/wp\/v2\/types\/post"}],"author":[{"embeddable":true,"href":"https:\/\/www.schiebener.net\/wordpress\/wp-json\/wp\/v2\/users\/3"}],"replies":[{"embeddable":true,"href":"https:\/\/www.schiebener.net\/wordpress\/wp-json\/wp\/v2\/comments?post=49419"}],"version-history":[{"count":0,"href":"https:\/\/www.schiebener.net\/wordpress\/wp-json\/wp\/v2\/posts\/49419\/revisions"}],"wp:attachment":[{"href":"https:\/\/www.schiebener.net\/wordpress\/wp-json\/wp\/v2\/media?parent=49419"}],"wp:term":[{"taxonomy":"category","embeddable":true,"href":"https:\/\/www.schiebener.net\/wordpress\/wp-json\/wp\/v2\/categories?post=49419"},{"taxonomy":"post_tag","embeddable":true,"href":"https:\/\/www.schiebener.net\/wordpress\/wp-json\/wp\/v2\/tags?post=49419"}],"curies":[{"name":"wp","href":"https:\/\/api.w.org\/{rel}","templated":true}]}}