{"id":4941,"date":"2009-09-27T20:07:03","date_gmt":"2009-09-27T18:07:03","guid":{"rendered":"http:\/\/www.schiebener.net\/wordpress\/?p=4941"},"modified":"2009-09-27T23:33:20","modified_gmt":"2009-09-27T21:33:20","slug":"winterberg-endergebnis-der-bundestagswahlen","status":"publish","type":"post","link":"https:\/\/www.schiebener.net\/wordpress\/winterberg-endergebnis-der-bundestagswahlen\/","title":{"rendered":"Winterberg: Endergebnis der Bundestagswahlen 2009"},"content":{"rendered":"<h3 class=\"mceTemp mceIEcenter\">\n<dl id=\"attachment_4944\" class=\"wp-caption aligncenter\" style=\"width: 490px;\">\n<dt class=\"wp-caption-dt\"><a href=\"http:\/\/www.bt-wahl2009.kdvz.de\/Wahl.swf?GKZ=410&amp;rz=IS&amp;KGKZ=400&amp;host=www.bt-wahl2009.kdvz.de&amp;wa=BTW&amp;ANZEIGE=K&amp;fs=0&amp;PVAL=1&amp;stimme=erst&amp;browser=Netscape\" target=\"_blank\"><img loading=\"lazy\" decoding=\"async\" class=\"size-full wp-image-4944\" title=\"Winterberg: Endergebnis Zweitstimmen\" src=\"http:\/\/www.schiebener.net\/wordpress\/wp-content\/uploads\/2009\/09\/btw09wtbg02.png\" alt=\"Winterberg: Endergebnis Zweitstimmen\" width=\"480\" height=\"369\" srcset=\"https:\/\/www.schiebener.net\/wordpress\/wp-content\/uploads\/2009\/09\/btw09wtbg02.png 480w, https:\/\/www.schiebener.net\/wordpress\/wp-content\/uploads\/2009\/09\/btw09wtbg02-300x230.png 300w\" sizes=\"auto, (max-width: 480px) 85vw, 480px\" \/><\/a><\/dt>\n<dd class=\"wp-caption-dd\">\n<h3>Winterberg: Endergebnis Zweitstimmen<\/h3>\n<\/dd>\n<\/dl>\n<\/h3>\n<h3 class=\"mceTemp mceIEcenter\">\n<dl id=\"attachment_4942\" class=\"wp-caption aligncenter\" style=\"width: 490px;\">\n<dt class=\"wp-caption-dt\"><a href=\"http:\/\/www.bt-wahl2009.kdvz.de\/Wahl.swf?GKZ=410&amp;rz=IS&amp;KGKZ=400&amp;host=www.bt-wahl2009.kdvz.de&amp;wa=BTW&amp;ANZEIGE=K&amp;fs=0&amp;PVAL=1&amp;stimme=erst&amp;browser=Netscape\" target=\"_blank\"><img loading=\"lazy\" decoding=\"async\" class=\"size-full wp-image-4942\" title=\"Winterberg: vorl\u00e4ufiges amtliches Endergebnis\" src=\"http:\/\/www.schiebener.net\/wordpress\/wp-content\/uploads\/2009\/09\/btw09wtbg.png\" alt=\"Winterberg: vorl\u00e4ufiges amtliches Endergebnis\" width=\"480\" height=\"362\" srcset=\"https:\/\/www.schiebener.net\/wordpress\/wp-content\/uploads\/2009\/09\/btw09wtbg.png 480w, https:\/\/www.schiebener.net\/wordpress\/wp-content\/uploads\/2009\/09\/btw09wtbg-300x226.png 300w\" sizes=\"auto, (max-width: 480px) 85vw, 480px\" \/><\/a><\/dt>\n<dd class=\"wp-caption-dd\">\n<h3>Winterberg: vorl\u00e4ufiges amtliches Endergebnis Erststimmen<\/h3>\n<\/dd>\n<\/dl>\n<\/h3>\n<p><strong>Kurzeinsch\u00e4tzung: <\/strong><\/p>\n<p>Sowohl SPD als auch CDU haben hohe Verluste erlitten. Die Stimmen der SPD sind zu den Gr\u00fcnen und den Linken gewandert, aber zu einem kleineren Teil\u00a0 auch zur FDP. Die Verluste der CDU werden von der FDP fast kompensiert. Die schwarze Mauer zeigt Risse. Die Macht der Volksparteien br\u00f6selt auch in den traditionellen Hochburgen der CDU, wenngleich von einem h\u00f6heren Niveau als im Bundesdurchschnitt.<\/p>\n<p>Die SPD muss sich in den n\u00e4chsten Jahren zu einer kommunalen Oppositionspartei entwickeln und dabei inhaltliche Positionen sch\u00e4rfen. Die \u00d6ffentlichkeitsarbeit der Partei muss offensiver und inhaltlicher werden und sich origin\u00e4r sozialdemokratischen Themen zuwenden.<\/p>\n<p>Gr\u00fcne und Linke m\u00fcssen hier in Winterberg \u00fcberhaupt erst einmal kommunalpolitisches und personelles Profil entwickeln.<\/p>\n<p>Spannend bleibt, wie sich die FDP positionieren wird. Sie ist bei den Kommunalwahlen ja durchaus als Opposition zur CDU aufgetreten.<\/p>\n<p><strong>Update:<\/strong> Wie konnte ich das \u00fcbersehen. Die FDP ist in Winterberg st\u00e4rker als die SPD! Das ist eine Schmach!<\/p>\n","protected":false},"excerpt":{"rendered":"<p>Winterberg: Endergebnis Zweitstimmen Winterberg: vorl\u00e4ufiges amtliches Endergebnis Erststimmen Kurzeinsch\u00e4tzung: Sowohl SPD als auch CDU haben hohe Verluste erlitten. Die Stimmen der SPD sind zu den Gr\u00fcnen und den Linken gewandert, &hellip; <a href=\"https:\/\/www.schiebener.net\/wordpress\/winterberg-endergebnis-der-bundestagswahlen\/\" class=\"more-link\"><span class=\"screen-reader-text\">\u201eWinterberg: Endergebnis der Bundestagswahlen 2009\u201c <\/span>weiterlesen<\/a><\/p>\n","protected":false},"author":3,"featured_media":0,"comment_status":"open","ping_status":"open","sticky":false,"template":"","format":"standard","meta":{"footnotes":""},"categories":[80,24],"tags":[839,417,13,322],"class_list":["post-4941","post","type-post","status-publish","format-standard","hentry","category-lokales","category-politik","tag-bundestagswahlen-2009","tag-fdp","tag-spd","tag-winterberg"],"_links":{"self":[{"href":"https:\/\/www.schiebener.net\/wordpress\/wp-json\/wp\/v2\/posts\/4941","targetHints":{"allow":["GET"]}}],"collection":[{"href":"https:\/\/www.schiebener.net\/wordpress\/wp-json\/wp\/v2\/posts"}],"about":[{"href":"https:\/\/www.schiebener.net\/wordpress\/wp-json\/wp\/v2\/types\/post"}],"author":[{"embeddable":true,"href":"https:\/\/www.schiebener.net\/wordpress\/wp-json\/wp\/v2\/users\/3"}],"replies":[{"embeddable":true,"href":"https:\/\/www.schiebener.net\/wordpress\/wp-json\/wp\/v2\/comments?post=4941"}],"version-history":[{"count":0,"href":"https:\/\/www.schiebener.net\/wordpress\/wp-json\/wp\/v2\/posts\/4941\/revisions"}],"wp:attachment":[{"href":"https:\/\/www.schiebener.net\/wordpress\/wp-json\/wp\/v2\/media?parent=4941"}],"wp:term":[{"taxonomy":"category","embeddable":true,"href":"https:\/\/www.schiebener.net\/wordpress\/wp-json\/wp\/v2\/categories?post=4941"},{"taxonomy":"post_tag","embeddable":true,"href":"https:\/\/www.schiebener.net\/wordpress\/wp-json\/wp\/v2\/tags?post=4941"}],"curies":[{"name":"wp","href":"https:\/\/api.w.org\/{rel}","templated":true}]}}