{"id":49409,"date":"2021-07-30T07:40:03","date_gmt":"2021-07-30T06:40:03","guid":{"rendered":"https:\/\/www.schiebener.net\/wordpress\/?p=49409"},"modified":"2021-07-30T07:40:03","modified_gmt":"2021-07-30T06:40:03","slug":"sundern-parkplatz-marktkauf-impfbus-bietet-am-31-juli-spontane-impfgelegenheit","status":"publish","type":"post","link":"https:\/\/www.schiebener.net\/wordpress\/sundern-parkplatz-marktkauf-impfbus-bietet-am-31-juli-spontane-impfgelegenheit\/","title":{"rendered":"Sundern &#8211; Parkplatz \u201cMarktkauf\u201d: Impfbus bietet am 31. Juli spontane Impfgelegenheit."},"content":{"rendered":"<figure id=\"attachment_49411\" aria-describedby=\"caption-attachment-49411\" style=\"width: 700px\" class=\"wp-caption aligncenter\"><a href=\"https:\/\/www.schiebener.net\/wordpress\/wp-content\/uploads\/2021\/07\/20210729Impfbus.jpg\" target=\"_blank\" rel=\"noopener\"><img loading=\"lazy\" decoding=\"async\" class=\"wp-image-49411\" src=\"https:\/\/www.schiebener.net\/wordpress\/wp-content\/uploads\/2021\/07\/20210729Impfbus.jpg\" alt=\"\" width=\"700\" height=\"525\" srcset=\"https:\/\/www.schiebener.net\/wordpress\/wp-content\/uploads\/2021\/07\/20210729Impfbus.jpg 1024w, https:\/\/www.schiebener.net\/wordpress\/wp-content\/uploads\/2021\/07\/20210729Impfbus-300x225.jpg 300w, https:\/\/www.schiebener.net\/wordpress\/wp-content\/uploads\/2021\/07\/20210729Impfbus-768x576.jpg 768w\" sizes=\"auto, (max-width: 709px) 85vw, (max-width: 909px) 67vw, (max-width: 984px) 61vw, (max-width: 1362px) 45vw, 600px\" \/><\/a><figcaption id=\"caption-attachment-49411\" class=\"wp-caption-text\">Der Impfbus des Hochsauerlandkreises bietet spontane Impfgelegenheit ab Samstag (31. Juli) an. (Copyright: HSK)<\/figcaption><\/figure>\n<p><strong>Im Hochsauerlandkreis sind bereits mehr als 143.000 vollst\u00e4ndige Schutzimpfungen gegen das Coronavirus erfolgt. Ab dem 31. Juli k\u00f6nnen sich Kinder und Jugendliche ab 12 Jahren im Impfzentrum Olsberg impfen lassen und Impfen ohne Termin ist im Impfzentrum l\u00e4ngst m\u00f6glich.<\/strong><\/p>\n<p><em>(Pressemitteilung HSK)<\/em><\/p>\n<p>Nun kommt ein weiteres Angebot hinzu: Ein Bus ist ab Samstag, den 31. Juli, im Kreisgebiet f\u00fcr spontane Impfungen unterwegs.<\/p>\n<p>Erster Stopp des Impfbusses wird am 31. Juli, 9 Uhr, in Sundern sein. Der Bus h\u00e4lt auf dem Parkplatz &#8222;Marktkauf&#8220;, Selscheder Weg. Weitere Termine sind in Planung und werden zeitnah bekanntgegeben.<\/p>\n<p>Das Angebot richtet sich an alle Impfwilligen ab 16 Jahre. Es steht ausreichend Impfstoff von Biontech (ab 16 Jahre), Moderna (ab 16 Jahre), Johnson &amp; Johnson (Einmalimpfung \/ ab 18 Jahre) und AstraZeneca (ab 18 Jahre) zur Verf\u00fcgung. Alle Interessierte haben vor Ort die Wahl, welchen Impfstoff sie bevorzugen.<\/p>\n<p>Mitzubringen ist ein Ausweisdokument, im Idealfall der Personalausweis, und \u2013 sofern vorhanden \u2013 der Impfausweis. Das Aufkl\u00e4rungs-Merkblatt sowie Anamnese- und Einwilligungsbogen k\u00f6nnen vor Ort ausgef\u00fcllt werden.<\/p>\n","protected":false},"excerpt":{"rendered":"<p>Im Hochsauerlandkreis sind bereits mehr als 143.000 vollst\u00e4ndige Schutzimpfungen gegen das Coronavirus erfolgt. Ab dem 31. Juli k\u00f6nnen sich Kinder und Jugendliche ab 12 Jahren im Impfzentrum Olsberg impfen lassen &hellip; <a href=\"https:\/\/www.schiebener.net\/wordpress\/sundern-parkplatz-marktkauf-impfbus-bietet-am-31-juli-spontane-impfgelegenheit\/\" class=\"more-link\"><span class=\"screen-reader-text\">\u201eSundern &#8211; Parkplatz \u201cMarktkauf\u201d: Impfbus bietet am 31. Juli spontane Impfgelegenheit.\u201c <\/span>weiterlesen<\/a><\/p>\n","protected":false},"author":17,"featured_media":0,"comment_status":"open","ping_status":"open","sticky":false,"template":"","format":"standard","meta":{"footnotes":""},"categories":[7088,303,80,1043],"tags":[8645,8580,8823,8610,655],"class_list":["post-49409","post","type-post","status-publish","format-standard","hentry","category-gesundheit","category-in-unserem-briefkasten","category-lokales","category-pressemitteilungen","tag-corona-krise","tag-covid-19","tag-impfzentrum-olsberg","tag-pandemie","tag-pressemitteilung"],"_links":{"self":[{"href":"https:\/\/www.schiebener.net\/wordpress\/wp-json\/wp\/v2\/posts\/49409","targetHints":{"allow":["GET"]}}],"collection":[{"href":"https:\/\/www.schiebener.net\/wordpress\/wp-json\/wp\/v2\/posts"}],"about":[{"href":"https:\/\/www.schiebener.net\/wordpress\/wp-json\/wp\/v2\/types\/post"}],"author":[{"embeddable":true,"href":"https:\/\/www.schiebener.net\/wordpress\/wp-json\/wp\/v2\/users\/17"}],"replies":[{"embeddable":true,"href":"https:\/\/www.schiebener.net\/wordpress\/wp-json\/wp\/v2\/comments?post=49409"}],"version-history":[{"count":0,"href":"https:\/\/www.schiebener.net\/wordpress\/wp-json\/wp\/v2\/posts\/49409\/revisions"}],"wp:attachment":[{"href":"https:\/\/www.schiebener.net\/wordpress\/wp-json\/wp\/v2\/media?parent=49409"}],"wp:term":[{"taxonomy":"category","embeddable":true,"href":"https:\/\/www.schiebener.net\/wordpress\/wp-json\/wp\/v2\/categories?post=49409"},{"taxonomy":"post_tag","embeddable":true,"href":"https:\/\/www.schiebener.net\/wordpress\/wp-json\/wp\/v2\/tags?post=49409"}],"curies":[{"name":"wp","href":"https:\/\/api.w.org\/{rel}","templated":true}]}}