{"id":49277,"date":"2021-07-09T20:55:17","date_gmt":"2021-07-09T19:55:17","guid":{"rendered":"https:\/\/www.schiebener.net\/wordpress\/?p=49277"},"modified":"2021-07-09T20:55:17","modified_gmt":"2021-07-09T19:55:17","slug":"pausenbild-das-medium-als-message","status":"publish","type":"post","link":"https:\/\/www.schiebener.net\/wordpress\/pausenbild-das-medium-als-message\/","title":{"rendered":"Pausenbild: Das Medium als Message"},"content":{"rendered":"<figure id=\"attachment_49278\" aria-describedby=\"caption-attachment-49278\" style=\"width: 698px\" class=\"wp-caption aligncenter\"><a href=\"https:\/\/www.schiebener.net\/wordpress\/wp-content\/uploads\/2021\/07\/2021070702Kassel.jpg\" target=\"_blank\" rel=\"noopener\"><img loading=\"lazy\" decoding=\"async\" class=\"wp-image-49278\" src=\"https:\/\/www.schiebener.net\/wordpress\/wp-content\/uploads\/2021\/07\/2021070702Kassel.jpg\" alt=\"\" width=\"698\" height=\"464\" srcset=\"https:\/\/www.schiebener.net\/wordpress\/wp-content\/uploads\/2021\/07\/2021070702Kassel.jpg 1024w, https:\/\/www.schiebener.net\/wordpress\/wp-content\/uploads\/2021\/07\/2021070702Kassel-300x199.jpg 300w, https:\/\/www.schiebener.net\/wordpress\/wp-content\/uploads\/2021\/07\/2021070702Kassel-768x510.jpg 768w\" sizes=\"auto, (max-width: 709px) 85vw, (max-width: 909px) 67vw, (max-width: 984px) 61vw, (max-width: 1362px) 45vw, 600px\" \/><\/a><figcaption id=\"caption-attachment-49278\" class=\"wp-caption-text\">Am Wegrand (foto: zoom)<\/figcaption><\/figure>\n<p><strong>Manchmal sehe ich Dinge ohne aktuelle Bedeutung am Wegrand und eine innere Stimme ruft: Fotografiere es!<\/strong><\/p>\n<p>Fr\u00fcher habe ich oft sehr lange mit der Stimme diskutiert und bin vom Streit ersch\u00f6pft weitergegangen. Einige Zeit sp\u00e4ter habe ich das Bild vermisst, nicht immer, aber doch so h\u00e4ufig, dass ich mich im Nachhinein \u00e4rgerte.<\/p>\n<p>Heute folge ich meist der Stimme oder nennen wir sie Intuition: &#8222;Shut up and take the Picture!&#8220;<\/p>\n<p>&#8222;Monochrom\u00ae f\u00fcr die Fotografie&#8220; &#8211; wer wei\u00df?<\/p>\n","protected":false},"excerpt":{"rendered":"<p>Manchmal sehe ich Dinge ohne aktuelle Bedeutung am Wegrand und eine innere Stimme ruft: Fotografiere es! Fr\u00fcher habe ich oft sehr lange mit der Stimme diskutiert und bin vom Streit &hellip; <a href=\"https:\/\/www.schiebener.net\/wordpress\/pausenbild-das-medium-als-message\/\" class=\"more-link\"><span class=\"screen-reader-text\">\u201ePausenbild: Das Medium als Message\u201c <\/span>weiterlesen<\/a><\/p>\n","protected":false},"author":3,"featured_media":0,"comment_status":"open","ping_status":"open","sticky":false,"template":"","format":"standard","meta":{"footnotes":""},"categories":[174,32],"tags":[1433,7921],"class_list":["post-49277","post","type-post","status-publish","format-standard","hentry","category-dit-und-dat","category-medien","tag-fotografie","tag-pausenbild"],"_links":{"self":[{"href":"https:\/\/www.schiebener.net\/wordpress\/wp-json\/wp\/v2\/posts\/49277","targetHints":{"allow":["GET"]}}],"collection":[{"href":"https:\/\/www.schiebener.net\/wordpress\/wp-json\/wp\/v2\/posts"}],"about":[{"href":"https:\/\/www.schiebener.net\/wordpress\/wp-json\/wp\/v2\/types\/post"}],"author":[{"embeddable":true,"href":"https:\/\/www.schiebener.net\/wordpress\/wp-json\/wp\/v2\/users\/3"}],"replies":[{"embeddable":true,"href":"https:\/\/www.schiebener.net\/wordpress\/wp-json\/wp\/v2\/comments?post=49277"}],"version-history":[{"count":0,"href":"https:\/\/www.schiebener.net\/wordpress\/wp-json\/wp\/v2\/posts\/49277\/revisions"}],"wp:attachment":[{"href":"https:\/\/www.schiebener.net\/wordpress\/wp-json\/wp\/v2\/media?parent=49277"}],"wp:term":[{"taxonomy":"category","embeddable":true,"href":"https:\/\/www.schiebener.net\/wordpress\/wp-json\/wp\/v2\/categories?post=49277"},{"taxonomy":"post_tag","embeddable":true,"href":"https:\/\/www.schiebener.net\/wordpress\/wp-json\/wp\/v2\/tags?post=49277"}],"curies":[{"name":"wp","href":"https:\/\/api.w.org\/{rel}","templated":true}]}}