{"id":49201,"date":"2021-06-25T19:01:44","date_gmt":"2021-06-25T18:01:44","guid":{"rendered":"https:\/\/www.schiebener.net\/wordpress\/?p=49201"},"modified":"2026-03-20T18:43:51","modified_gmt":"2026-03-20T17:43:51","slug":"umleitung-vs-bericht-zu-corona-leugnern-die-heile-welt-der-cdu-laschet-will-demonstrationsrecht-verschaerfen-doomscrolling-ausstellungen-in-dortmund-und-mehr","status":"publish","type":"post","link":"https:\/\/www.schiebener.net\/wordpress\/umleitung-vs-bericht-zu-corona-leugnern-die-heile-welt-der-cdu-laschet-will-demonstrationsrecht-verschaerfen-doomscrolling-ausstellungen-in-dortmund-und-mehr\/","title":{"rendered":"Umleitung: VS-Bericht zu Corona-Leugnern, die heile Welt der CDU, Laschet will Demonstrationsrecht versch\u00e4rfen, Doomscrolling, Ausstellungen in Dortmund und mehr."},"content":{"rendered":"<div class=\"wp-block-image\">\n<figure class=\"aligncenter\"><a href=\"https:\/\/www.schiebener.net\/wordpress\/wp-content\/uploads\/2021\/06\/20210621Hubertusturm.jpg\" rel=\"noopener\"><img loading=\"lazy\" decoding=\"async\" width=\"2048\" height=\"1365\" src=\"https:\/\/www.schiebener.net\/wordpress\/wp-content\/uploads\/2021\/06\/20210621Hubertusturm.jpg\" alt=\"\" class=\"wp-image-49202\" srcset=\"https:\/\/www.schiebener.net\/wordpress\/wp-content\/uploads\/2021\/06\/20210621Hubertusturm.jpg 2048w, https:\/\/www.schiebener.net\/wordpress\/wp-content\/uploads\/2021\/06\/20210621Hubertusturm-300x200.jpg 300w, https:\/\/www.schiebener.net\/wordpress\/wp-content\/uploads\/2021\/06\/20210621Hubertusturm-1024x683.jpg 1024w, https:\/\/www.schiebener.net\/wordpress\/wp-content\/uploads\/2021\/06\/20210621Hubertusturm-768x512.jpg 768w, https:\/\/www.schiebener.net\/wordpress\/wp-content\/uploads\/2021\/06\/20210621Hubertusturm-1536x1024.jpg 1536w\" sizes=\"auto, (max-width: 709px) 85vw, (max-width: 909px) 67vw, (max-width: 1362px) 62vw, 840px\" \/><\/a><figcaption class=\"wp-element-caption\">Grau in Grau: Blick vom Hubertusturm auf Siedlinghausen. (foto: zoom)<\/figcaption><\/figure>\n<\/div>\n\n\n<p><strong>VS-Sonderbericht zur Radikalisierung der &#8222;Corona-Leugner&#8220;:<\/strong> Ausf\u00fchrlich wird analysiert, woher die Radikalisierungsformen dazu entsprungen und welchen Personenkreisen sie zuzuordnen sind. Angenehm ist, dass nicht nur die Sichtweise einer Sicherheitsbeh\u00f6rde wiedergegeben wird, sondern auch die Expertise von Politik- und Sozialwissenschaft Eingang findet &#8230; <a href=\"https:\/\/www.bnr.de\/artikel\/aktuelle-meldungen\/vs-sonderbericht-zur-radikalisierung-der-corona-leugner\" target=\"_blank\" rel=\"noopener\">blicknachrechts<\/a><\/p>\n\n\n\n<p><strong>Die Union spielt heile Welt:<\/strong> Seit der Fl\u00fcchtlingskrise 2015 bek\u00e4mpfen sich die Funktion\u00e4re der Unionsparteien. Nun, drei Monate vor der Bundestagswahl, spielen sie den W\u00e4hlern und Mitgliedern heile Welt vor &#8230; <a href=\"https:\/\/post-von-horn.de\/2021\/06\/23\/die-union-spielt-heile-welt\/\" target=\"_blank\" rel=\"noopener\">postvonhorn<\/a><\/p>\n\n\n\n<p><strong>Laschet-Regierung will Demonstrierende wie Kriminelle behandeln:<\/strong> Der Gesetzentwurf der Laschet-Regierung nennt die wei\u00dfen Maleranz\u00fcge, die Demonstrant:innen bei manchen Klimaprotesten seit Jahren tragen, in einer Reihe mit Springerstiefeln und Uniformen der Nazi-Organisationen SS und SA &#8230; <a href=\"https:\/\/netzpolitik.org\/2021\/nrw-laschet-regierung-will-demonstrierende-wie-kriminelle-behandeln\/\" target=\"_blank\" rel=\"noopener\">netzpolitik<\/a><\/p>\n\n\n\n<p><strong>Gernulf Olzheimer kommentiert (Satire):<\/strong> Doomscrolling &#8230; <a href=\"https:\/\/zynaesthesie.wordpress.com\/2021\/06\/25\/gernulf-olzheimer-kommentiert-dlxx-doomscrolling\/\" target=\"_blank\" rel=\"noopener\">zynaesthesie<\/a><\/p>\n\n\n\n<p><strong>\u201eDortmunder U\u201c im Disco-Rausch:<\/strong> Ausstellung feiert den legend\u00e4ren Club \u201eStudio 54? &#8230; <a href=\"https:\/\/www.revierpassagen.de\/114263\/dortmunder-u-im-disco-rausch-ausstellung-feiert-den-legendaeren-club-studio-54\/20210624_2147\" target=\"_blank\" rel=\"noopener\">revierpassagen<\/a><\/p>\n\n\n\n<p><strong>1 Jahr mit unseren Pedelecs \u2013 R\u00fcckblick und Fazit:<\/strong> Schauen wir doch mal zur\u00fcck auf die Zeit, in der wir noch keine E-Bikes hatten. Klar, an den Wochenenden haben wir schon immer viel unternommen &#8230; <a href=\"https:\/\/www.reisen-fotografie.de\/1-jahr-mit-unseren-e-bikes-rueckblick-und-fazit\/\" target=\"_blank\" rel=\"noopener\">ReisenFotografie<\/a><\/p>\n","protected":false},"excerpt":{"rendered":"<p>VS-Sonderbericht zur Radikalisierung der &#8222;Corona-Leugner&#8220;: Ausf\u00fchrlich wird analysiert, woher die Radikalisierungsformen dazu entsprungen und welchen Personenkreisen sie zuzuordnen sind. Angenehm ist, dass nicht nur die Sichtweise einer Sicherheitsbeh\u00f6rde wiedergegeben wird, &hellip; <a href=\"https:\/\/www.schiebener.net\/wordpress\/umleitung-vs-bericht-zu-corona-leugnern-die-heile-welt-der-cdu-laschet-will-demonstrationsrecht-verschaerfen-doomscrolling-ausstellungen-in-dortmund-und-mehr\/\" class=\"more-link\"><span class=\"screen-reader-text\">\u201eUmleitung: VS-Bericht zu Corona-Leugnern, die heile Welt der CDU, Laschet will Demonstrationsrecht versch\u00e4rfen, Doomscrolling, Ausstellungen in Dortmund und mehr.\u201c <\/span>weiterlesen<\/a><\/p>\n","protected":false},"author":3,"featured_media":0,"comment_status":"open","ping_status":"open","sticky":false,"template":"","format":"standard","meta":{"footnotes":""},"categories":[674,854,32,6413,24,71,379,618],"tags":[1464,409,8645,5660,5934,3782],"class_list":["post-49201","post","type-post","status-publish","format-standard","hentry","category-kultur","category-kunst","category-medien","category-nrw","category-politik","category-sport","category-umleitung","category-verkehr","tag-armin-laschet","tag-cdu","tag-corona-krise","tag-dortmunder-u","tag-gender","tag-radfahren"],"_links":{"self":[{"href":"https:\/\/www.schiebener.net\/wordpress\/wp-json\/wp\/v2\/posts\/49201","targetHints":{"allow":["GET"]}}],"collection":[{"href":"https:\/\/www.schiebener.net\/wordpress\/wp-json\/wp\/v2\/posts"}],"about":[{"href":"https:\/\/www.schiebener.net\/wordpress\/wp-json\/wp\/v2\/types\/post"}],"author":[{"embeddable":true,"href":"https:\/\/www.schiebener.net\/wordpress\/wp-json\/wp\/v2\/users\/3"}],"replies":[{"embeddable":true,"href":"https:\/\/www.schiebener.net\/wordpress\/wp-json\/wp\/v2\/comments?post=49201"}],"version-history":[{"count":0,"href":"https:\/\/www.schiebener.net\/wordpress\/wp-json\/wp\/v2\/posts\/49201\/revisions"}],"wp:attachment":[{"href":"https:\/\/www.schiebener.net\/wordpress\/wp-json\/wp\/v2\/media?parent=49201"}],"wp:term":[{"taxonomy":"category","embeddable":true,"href":"https:\/\/www.schiebener.net\/wordpress\/wp-json\/wp\/v2\/categories?post=49201"},{"taxonomy":"post_tag","embeddable":true,"href":"https:\/\/www.schiebener.net\/wordpress\/wp-json\/wp\/v2\/tags?post=49201"}],"curies":[{"name":"wp","href":"https:\/\/api.w.org\/{rel}","templated":true}]}}