{"id":49021,"date":"2021-06-03T08:19:41","date_gmt":"2021-06-03T07:19:41","guid":{"rendered":"https:\/\/www.schiebener.net\/wordpress\/?p=49021"},"modified":"2021-06-04T20:22:56","modified_gmt":"2021-06-04T19:22:56","slug":"pestwurz-der-stand-der-dinge-im-zwischensommer","status":"publish","type":"post","link":"https:\/\/www.schiebener.net\/wordpress\/pestwurz-der-stand-der-dinge-im-zwischensommer\/","title":{"rendered":"Pestwurz &#8211; der Stand der Dinge im Zwischensommer."},"content":{"rendered":"<figure id=\"attachment_49022\" aria-describedby=\"caption-attachment-49022\" style=\"width: 700px\" class=\"wp-caption aligncenter\"><a href=\"https:\/\/www.schiebener.net\/wordpress\/wp-content\/uploads\/2021\/06\/20210601Pestwurz.jpg\" target=\"_blank\" rel=\"noopener\"><img loading=\"lazy\" decoding=\"async\" class=\"wp-image-49022\" src=\"https:\/\/www.schiebener.net\/wordpress\/wp-content\/uploads\/2021\/06\/20210601Pestwurz.jpg\" alt=\"\" width=\"700\" height=\"460\" srcset=\"https:\/\/www.schiebener.net\/wordpress\/wp-content\/uploads\/2021\/06\/20210601Pestwurz.jpg 2048w, https:\/\/www.schiebener.net\/wordpress\/wp-content\/uploads\/2021\/06\/20210601Pestwurz-300x197.jpg 300w, https:\/\/www.schiebener.net\/wordpress\/wp-content\/uploads\/2021\/06\/20210601Pestwurz-1024x674.jpg 1024w, https:\/\/www.schiebener.net\/wordpress\/wp-content\/uploads\/2021\/06\/20210601Pestwurz-768x505.jpg 768w, https:\/\/www.schiebener.net\/wordpress\/wp-content\/uploads\/2021\/06\/20210601Pestwurz-1536x1010.jpg 1536w\" sizes=\"auto, (max-width: 709px) 85vw, (max-width: 909px) 67vw, (max-width: 984px) 61vw, (max-width: 1362px) 45vw, 600px\" \/><\/a><figcaption id=\"caption-attachment-49022\" class=\"wp-caption-text\">Diese Pestwurz hat die Fruchtbildung erledigt. (foto: zoom)<\/figcaption><\/figure>\n<p><strong>Die Pestwurz ist eine meiner Lieblingspflanzen. Sie zeigt mir mit der Bl\u00fcte den Beginn und mit den Schirmchenfliegern des Fruchtstands das Ende des Fr\u00fchlings an.<\/strong><\/p>\n<p>Wie der nah verwandte Huflattich ist sie &#8222;vorlaufend&#8220;, d.h. zuerst erscheint der Bl\u00fctenstand, dann die Laubbl\u00e4tter, die breitesten der heimischen Flora; daher der griechische Name der Pflanze <em>&#8222;Petasitis&#8220;<\/em>, von <em>petasos<\/em> = breitkrempiger Hut.<\/p>\n<p>Seit drei Tagen z\u00e4hlt der meteorologische Sommer (1. Juni &#8211; 31. August). Wir befinden uns in der Zwischenzeit bis zum kalendarischen Sommerbeginn am 21. Juni. Von da an geht&#8217;s bergab, zumindest mit der Tagesl\u00e4nge. Es ist mein pers\u00f6nliches Paradox, dass ich mich im Hochsommer jeden Tag voller Sentimentalit\u00e4t und Abschiedsgef\u00fchlen von eben diesem Sommer verabschiede. Die n\u00e4chsten drei Wochen sind also etwas Besonderes.<\/p>\n<p>Nicht ganz passend zur hellen Jahreszeit habe ich mir das &#8222;Heart of Darkness&#8220; aus dem B\u00fccherregal genommen. Nach den ersten Seiten komme ich erst langsam hinein, aber vielleicht bieten die kommenden Gewitter ein entsprechendes Leseambiente.<\/p>\n<p>Die Parkpl\u00e4tze in unserer Stra\u00dfe sind leergefegt. Gott und die Welt haben die Pandemie f\u00fcr beendet erkl\u00e4rt und sind gen Ost- und Nordsee aufgebrochen.<\/p>\n<p>Als ich gestern durch das Hochsauerland stromerte, waren die Gastronomien und Caf\u00e9s sehr gut gef\u00fcllt. Der Italiener in Winterberg, Albers in B\u00f6defeld, Sommer in Bremke &#8211; ich aber bin noch nicht soweit, suche mir das letzte Paar Schuhe, welches noch Profil auf den Sohlen hat, heraus und breche zu einem der inzwischen unz\u00e4hligen Corona-Spazierg\u00e4nge auf.<\/p>\n<p>Risikovermeidung. Die zweite Impfung ist in der dritten Juniwoche, plus zwei bis drei Wochen. Nach \u00fcber 15 Monaten Disziplin nicht noch alles versauen und auf dem Krankenbett enden.<\/p>\n<p>Tsch\u00fcss, der Sommer und die Amsel rufen.<\/p>\n","protected":false},"excerpt":{"rendered":"<p>Die Pestwurz ist eine meiner Lieblingspflanzen. Sie zeigt mir mit der Bl\u00fcte den Beginn und mit den Schirmchenfliegern des Fruchtstands das Ende des Fr\u00fchlings an. Wie der nah verwandte Huflattich &hellip; <a href=\"https:\/\/www.schiebener.net\/wordpress\/pestwurz-der-stand-der-dinge-im-zwischensommer\/\" class=\"more-link\"><span class=\"screen-reader-text\">\u201ePestwurz &#8211; der Stand der Dinge im Zwischensommer.\u201c <\/span>weiterlesen<\/a><\/p>\n","protected":false},"author":3,"featured_media":0,"comment_status":"open","ping_status":"open","sticky":false,"template":"","format":"standard","meta":{"footnotes":""},"categories":[174,2489,549],"tags":[8645,6480,8617],"class_list":["post-49021","post","type-post","status-publish","format-standard","hentry","category-dit-und-dat","category-in-eigener-sache","category-umwelt","tag-corona-krise","tag-dorfspaziergang","tag-pestwurz"],"_links":{"self":[{"href":"https:\/\/www.schiebener.net\/wordpress\/wp-json\/wp\/v2\/posts\/49021","targetHints":{"allow":["GET"]}}],"collection":[{"href":"https:\/\/www.schiebener.net\/wordpress\/wp-json\/wp\/v2\/posts"}],"about":[{"href":"https:\/\/www.schiebener.net\/wordpress\/wp-json\/wp\/v2\/types\/post"}],"author":[{"embeddable":true,"href":"https:\/\/www.schiebener.net\/wordpress\/wp-json\/wp\/v2\/users\/3"}],"replies":[{"embeddable":true,"href":"https:\/\/www.schiebener.net\/wordpress\/wp-json\/wp\/v2\/comments?post=49021"}],"version-history":[{"count":0,"href":"https:\/\/www.schiebener.net\/wordpress\/wp-json\/wp\/v2\/posts\/49021\/revisions"}],"wp:attachment":[{"href":"https:\/\/www.schiebener.net\/wordpress\/wp-json\/wp\/v2\/media?parent=49021"}],"wp:term":[{"taxonomy":"category","embeddable":true,"href":"https:\/\/www.schiebener.net\/wordpress\/wp-json\/wp\/v2\/categories?post=49021"},{"taxonomy":"post_tag","embeddable":true,"href":"https:\/\/www.schiebener.net\/wordpress\/wp-json\/wp\/v2\/tags?post=49021"}],"curies":[{"name":"wp","href":"https:\/\/api.w.org\/{rel}","templated":true}]}}