{"id":49008,"date":"2021-06-01T10:51:40","date_gmt":"2021-06-01T09:51:40","guid":{"rendered":"https:\/\/www.schiebener.net\/wordpress\/?p=49008"},"modified":"2021-06-01T11:32:12","modified_gmt":"2021-06-01T10:32:12","slug":"die-mitglieder-der-freien-waehler-nrw-im-hochsauerlandkreis-stellen-sebastian-vielhaber-als-direktkandidaten-auf-fuer-eine-moderne-liberal-konservative-buergerbewegung-der-vernunft-und-des-gesunde","status":"publish","type":"post","link":"https:\/\/www.schiebener.net\/wordpress\/die-mitglieder-der-freien-waehler-nrw-im-hochsauerlandkreis-stellen-sebastian-vielhaber-als-direktkandidaten-auf-fuer-eine-moderne-liberal-konservative-buergerbewegung-der-vernunft-und-des-gesunde\/","title":{"rendered":"Die Mitglieder der FREIEN W\u00c4HLER NRW im Hochsauerlandkreis stellen Sebastian Vielhaber als Direktkandidaten auf. <div><small>&#8222;F\u00fcr eine moderne, liberal-konservative B\u00fcrgerbewegung der Vernunft und des gesunden Menschenverstands.&#8220;<\/small><\/div>"},"content":{"rendered":"<figure id=\"attachment_49009\" aria-describedby=\"caption-attachment-49009\" style=\"width: 700px\" class=\"wp-caption aligncenter\"><img loading=\"lazy\" decoding=\"async\" class=\"wp-image-49009\" src=\"https:\/\/www.schiebener.net\/wordpress\/wp-content\/uploads\/2021\/06\/Foto-S.-Vielhaber.jpg\" alt=\"\" width=\"700\" height=\"700\" srcset=\"https:\/\/www.schiebener.net\/wordpress\/wp-content\/uploads\/2021\/06\/Foto-S.-Vielhaber.jpg 1080w, https:\/\/www.schiebener.net\/wordpress\/wp-content\/uploads\/2021\/06\/Foto-S.-Vielhaber-300x300.jpg 300w, https:\/\/www.schiebener.net\/wordpress\/wp-content\/uploads\/2021\/06\/Foto-S.-Vielhaber-1024x1024.jpg 1024w, https:\/\/www.schiebener.net\/wordpress\/wp-content\/uploads\/2021\/06\/Foto-S.-Vielhaber-150x150.jpg 150w, https:\/\/www.schiebener.net\/wordpress\/wp-content\/uploads\/2021\/06\/Foto-S.-Vielhaber-768x768.jpg 768w, https:\/\/www.schiebener.net\/wordpress\/wp-content\/uploads\/2021\/06\/Foto-S.-Vielhaber-200x200.jpg 200w\" sizes=\"auto, (max-width: 709px) 85vw, (max-width: 909px) 67vw, (max-width: 984px) 61vw, (max-width: 1362px) 45vw, 600px\" \/><figcaption id=\"caption-attachment-49009\" class=\"wp-caption-text\"><br \/>Als Direktkandidat wurde der 42 Jahre alte Architekt Sebastian Vielhaber aufgestellt und einstimmig auf der Mitgliederversammlung gew\u00e4hlt. (Foto: FWG)<\/figcaption><\/figure>\n<p><strong>Am 24.04.2021 trafen sich die Mitglieder der FREIEN W\u00c4HLER NRW zur Bundeswahlkreismitgliederversammlung zur Aufstellung eines Wahlkreisbewerbers f\u00fcr die Wahl zum 20. Deutschen Bundestags im Wahlkreis Hochsauerlandkreis (147) im Ratssaal der Stadt Winterberg.<\/strong><\/p>\n<p><em>(Pressemitteilung Freie W\u00e4hler)<\/em><\/p>\n<p>Als Direktkandidat wurde der 42 Jahre alte Architekt Sebastian Vielhaber aufgestellt und einstimmig auf der Mitgliederversammlung gew\u00e4hlt. Sebastian Vielhaber ist in Arnsberg-Vo\u00dfwinkel aufgewachsen, lebt seit 2009 in Winterberg-Siedlinghausen und ist Mitgr\u00fcnder der \u201eFreie W\u00e4hler Gemeinschaft \u2013 B\u00fcrger f\u00fcr Winterberg &amp; Ortschaften e.V.\u201c.<\/p>\n<p>Er trat 2020 als Spitzenkandidat bei der Wahl zum Stadtrat sowie als Kreistagskandidat der Freie W\u00e4hler Hochsauerland an. Seit 2020 ist er auch Fraktionsvorsitzender der <em>FWG \u2013 B\u00fcrger f\u00fcr Winterberg &amp; Ortschaften<\/em> im Rat der Stadt Winterberg.<\/p>\n<p>Auf der bundespolitischen Ebene m\u00f6chte er sich insbesondere f\u00fcr eine starke Region, ehrenamtliches Engagement und den Erhalt unserer intakten Heimat einsetzen.<\/p>\n<p>In seinem Wahlkreis ist ihm die F\u00f6rderung und St\u00e4rkung des Tourismus, der lokalen Wirtschaft und mittelst\u00e4ndischen Unternehmen (u.a. Handwerk und Industrie), die Abschaffung von \u00fcberfl\u00fcssiger B\u00fcrokratie, F\u00f6rderung der nachhaltigen und \u00f6kologischen Landwirtschaft sowie solide Kommunalfinanzen ein gro\u00dfes Anliegen. Bekennend zum im Grundgesetz verfassungsrechtlich verankerten F\u00f6deralismus, f\u00fcr stabile Gemeinden, St\u00e4dte und Kreise sind Garanten und Sicherstellung f\u00fcr eine lebenswerte Heimat.<\/p>\n<p>F\u00fcr eine moderne, liberal-konservative B\u00fcrgerbewegung der Vernunft und des gesunden Menschenverstands.<\/p>\n<p>Ein Dank der Mitglieder gilt der Stadt Winterberg, die uns unter Einhaltung der Corona-Auflagen einen Sitzungsraum unentgeltlich zur Verf\u00fcgung gestellt hat.<\/p>\n","protected":false},"excerpt":{"rendered":"<p>Am 24.04.2021 trafen sich die Mitglieder der FREIEN W\u00c4HLER NRW zur Bundeswahlkreismitgliederversammlung zur Aufstellung eines Wahlkreisbewerbers f\u00fcr die Wahl zum 20. Deutschen Bundestags im Wahlkreis Hochsauerlandkreis (147) im Ratssaal der &hellip; <a href=\"https:\/\/www.schiebener.net\/wordpress\/die-mitglieder-der-freien-waehler-nrw-im-hochsauerlandkreis-stellen-sebastian-vielhaber-als-direktkandidaten-auf-fuer-eine-moderne-liberal-konservative-buergerbewegung-der-vernunft-und-des-gesunde\/\" class=\"more-link\"><span class=\"screen-reader-text\">\u201eDie Mitglieder der FREIEN W\u00c4HLER NRW im Hochsauerlandkreis stellen Sebastian Vielhaber als Direktkandidaten auf. <\/p>\n<div><small>&#8222;F\u00fcr eine moderne, liberal-konservative B\u00fcrgerbewegung der Vernunft und des gesunden Menschenverstands.&#8220;<\/small><\/div>\n<p>\u201c <\/span>weiterlesen<\/a><\/p>\n","protected":false},"author":17,"featured_media":0,"comment_status":"open","ping_status":"open","sticky":false,"template":"","format":"standard","meta":{"footnotes":""},"categories":[303,80,24,1043],"tags":[6807,7221,655],"class_list":["post-49008","post","type-post","status-publish","format-standard","hentry","category-in-unserem-briefkasten","category-lokales","category-politik","category-pressemitteilungen","tag-freie-waehler-winterberg","tag-fwg-buerger-fuer-winterberg-und-ortschaften","tag-pressemitteilung"],"_links":{"self":[{"href":"https:\/\/www.schiebener.net\/wordpress\/wp-json\/wp\/v2\/posts\/49008","targetHints":{"allow":["GET"]}}],"collection":[{"href":"https:\/\/www.schiebener.net\/wordpress\/wp-json\/wp\/v2\/posts"}],"about":[{"href":"https:\/\/www.schiebener.net\/wordpress\/wp-json\/wp\/v2\/types\/post"}],"author":[{"embeddable":true,"href":"https:\/\/www.schiebener.net\/wordpress\/wp-json\/wp\/v2\/users\/17"}],"replies":[{"embeddable":true,"href":"https:\/\/www.schiebener.net\/wordpress\/wp-json\/wp\/v2\/comments?post=49008"}],"version-history":[{"count":0,"href":"https:\/\/www.schiebener.net\/wordpress\/wp-json\/wp\/v2\/posts\/49008\/revisions"}],"wp:attachment":[{"href":"https:\/\/www.schiebener.net\/wordpress\/wp-json\/wp\/v2\/media?parent=49008"}],"wp:term":[{"taxonomy":"category","embeddable":true,"href":"https:\/\/www.schiebener.net\/wordpress\/wp-json\/wp\/v2\/categories?post=49008"},{"taxonomy":"post_tag","embeddable":true,"href":"https:\/\/www.schiebener.net\/wordpress\/wp-json\/wp\/v2\/tags?post=49008"}],"curies":[{"name":"wp","href":"https:\/\/api.w.org\/{rel}","templated":true}]}}