{"id":48988,"date":"2021-05-30T19:30:42","date_gmt":"2021-05-30T18:30:42","guid":{"rendered":"https:\/\/www.schiebener.net\/wordpress\/?p=48988"},"modified":"2021-05-30T19:30:42","modified_gmt":"2021-05-30T18:30:42","slug":"infowochen-der-musikschule-hochsauerlandkreis","status":"publish","type":"post","link":"https:\/\/www.schiebener.net\/wordpress\/infowochen-der-musikschule-hochsauerlandkreis\/","title":{"rendered":"Infowochen der Musikschule Hochsauerlandkreis"},"content":{"rendered":"<figure id=\"attachment_48990\" aria-describedby=\"caption-attachment-48990\" style=\"width: 700px\" class=\"wp-caption aligncenter\"><img loading=\"lazy\" decoding=\"async\" class=\"wp-image-48990\" src=\"https:\/\/www.schiebener.net\/wordpress\/wp-content\/uploads\/2021\/05\/20210530MusikschuleHSKklein.jpg\" alt=\"\" width=\"700\" height=\"467\" srcset=\"https:\/\/www.schiebener.net\/wordpress\/wp-content\/uploads\/2021\/05\/20210530MusikschuleHSKklein.jpg 1024w, https:\/\/www.schiebener.net\/wordpress\/wp-content\/uploads\/2021\/05\/20210530MusikschuleHSKklein-300x200.jpg 300w, https:\/\/www.schiebener.net\/wordpress\/wp-content\/uploads\/2021\/05\/20210530MusikschuleHSKklein-768x512.jpg 768w\" sizes=\"auto, (max-width: 709px) 85vw, (max-width: 909px) 67vw, (max-width: 984px) 61vw, (max-width: 1362px) 45vw, 600px\" \/><figcaption id=\"caption-attachment-48990\" class=\"wp-caption-text\">Die Musikschule Hochsauerlandkreis \u00f6ffnet vom 7. Juni bis zum 2. Juli ihre T\u00fcren f\u00fcr interessierte Personen. (Foto: Musikschule)<\/figcaption><\/figure>\n<p><strong>In diesem besonderen Jahr \u00f6ffnet die Musikschule Hochsauerlandkreis ihre T\u00fcren in einer neuen Art: In der Zeit vom 7. Juni bis zum 2. Juli ruft die Musikschule die Infowochen der Musikschule Hochsauerlandkreis ins Leben.<\/strong><\/p>\n<p><em>(Pressemitteilung HSK)<\/em><\/p>\n<p>In diesen letzten vier Wochen des Schuljahres besteht die M\u00f6glichkeit, einen Einblick in alle Angebote der Musikschule im ganzen Kreis zu bekommen, um eine gezielte Anmeldung vor dem kommenden Schuljahr vornehmen zu k\u00f6nnen.<\/p>\n<p>Alle interessierten Personen k\u00f6nnen sich an das Musizieren heranwagen und einen Probeunterricht in beliebig vielen F\u00e4chern vereinbaren. Auf diese Weise m\u00f6chte die Musikschule bei der Suche nach dem gew\u00fcnschten Instrumental- oder Vokal-Fach, sowie nach fr\u00fchkindlichen Musikkursen, Chor oder Ensemblearbeit, unterst\u00fctzen.<\/p>\n<p>Die Musikschule bietet ein breites Spektrum an musikalischem Unterricht, das von Menschen in allen Altersgruppen wahrgenommen werden kann. Eltern-Kind-Gruppen lassen bereits Kinder von der Geburt an am Musikgeschehen teilhaben. Die Instrumental und Vokalf\u00e4cher k\u00f6nnen unabh\u00e4ngig vom Alter an der Musikschule gelernt werden. Dabei sind die Voraussetzungen, die jeder Mensch mit sich bringt nicht dar\u00fcber entscheidend, ob ein Unterricht m\u00f6glich ist. Vielmehr gilt ein geeignetes Fach f\u00fcr sich selbst zu finden.<\/p>\n<p>\u00dcber die bekannten Instrumente Gitarre, Klavier oder Fl\u00f6te hinaus, kann die Gesamtbreite des Orchester- und Rock-Pop-Instrumentariums sowie Vokalunterrichts an der Musikschule gelernt werden: Viola oder Kontrabass, Oboe oder Fagott, Harfe oder Schlagwerk, Waldhorn oder Tuba, Cembalo oder Orgel, klassischer oder Pop-Gesang, und vieles mehr.<\/p>\n<p>Zudem bietet die Musikschule Hochsauerlandkreis eine umfassende studienvorbereitende Ausbildung in Vorbereitung auf ein Musikschulstudium an (SVA). Hierf\u00fcr werden die inhaltlichen Voraussetzungen vermittelt, um eine Aufnahmepr\u00fcfung an einer Musikhochschule oder Universit\u00e4t erfolgreich zu absolvieren.<\/p>\n<p>Schnupperstunden k\u00f6nnen alle vorzugsweise in Pr\u00e4senz aber auch Online erfolgen. F\u00fcr eine Schnupperstunde in Pr\u00e4senz muss ein negativer Testnachweis (lt. Coronaschutzverordnung) vorgelegt werden.<\/p>\n<p>Eine Vereinbarung kann ab dem Montag 31. Mai telefonisch \u00fcber die Gesch\u00e4ftsstellen der Musikschulen getroffen werden: Meschede 0291-941580\/ Arnsberg 02931-944900\/ Brilon 02961-943220. Einen Schnupperwunsch kann auch an <a href=\"mailto:musikschule@hochsauerlandkreis.de\" target=\"_blank\" rel=\"noopener\">musikschule@hochsauerlandkreis.de<\/a> gesendet werden.<\/p>\n<p>Die Musik \u00f6ffnet ein Fenster zu unendlich vielen Welten. Die Musikschule Hochsauerlandkreis \u00f6ffnet die T\u00fcren zur Musik.<\/p>\n<div class=\"video-wrapped video-wrapped-video video-wrapped-yt\" style=\"width: 840px; min-height: 630px; background-image: url('https:\/\/www.schiebener.net\/wordpress\/wp-content\/plugins\/wp-video-embed-privacy-master\/preview\/yt\/scYfaOAELLY.jpg?s=841c50f79cf1cc2202856e01e9fc1e109ecccd88c114557bf2b097c92999d051')\" data-embed-frame=\"&lt;iframe title=&quot;Mescheder Wind-Band: Theme and Rock Out&quot; width=&quot;840&quot; height=&quot;630&quot; src=&quot;https:\/\/www.youtube-nocookie.com\/embed\/scYfaOAELLY?feature=oembed&quot; frameborder=&quot;0&quot; allow=&quot;accelerometer; autoplay; clipboard-write; encrypted-media; gyroscope; picture-in-picture; web-share&quot; referrerpolicy=&quot;strict-origin-when-cross-origin&quot; allowfullscreen&gt;&lt;\/iframe&gt;\" data-embed-play=\"&lt;span&gt;Video abspielen&lt;\/span&gt;&lt;div class=&quot;small&quot;&gt;&lt;span&gt;Das Video wird von Youtube eingebettet. Es gelten die &lt;a href=&quot;https:\/\/www.google.com\/intl\/de\/policies\/privacy\/&quot; target=&quot;_blank&quot;&gt;Datenschutzerkl\u00e4rungen von Google&lt;\/a&gt;.&lt;\/span&gt;&lt;\/div&gt;\">\n<div class=\"video-wrapped-nojs\"><span>Aktivieren Sie JavaScript um das Video zu sehen.<br \/>Video-Link: <a href=\"https:\/\/www.youtube.com\/watch?v=scYfaOAELLY\">https:\/\/www.youtube.com\/watch?v=scYfaOAELLY<\/a><\/span><\/div>\n<\/div>\n<p>&nbsp;<br \/>\n<em>Die Mescheder Wind-Band der Musikschule Hochsauerlandkreis l\u00e4sst sich w\u00e4hrend des Lockdowns nicht klein kriegen. Hier kann man ein lebhaftes Musikbeispiel der Wind-Band erleben, das w\u00e4hrend des Lockdowns in 2020 entstanden ist.<\/em><\/p>\n","protected":false},"excerpt":{"rendered":"<p>In diesem besonderen Jahr \u00f6ffnet die Musikschule Hochsauerlandkreis ihre T\u00fcren in einer neuen Art: In der Zeit vom 7. Juni bis zum 2. Juli ruft die Musikschule die Infowochen der &hellip; <a href=\"https:\/\/www.schiebener.net\/wordpress\/infowochen-der-musikschule-hochsauerlandkreis\/\" class=\"more-link\"><span class=\"screen-reader-text\">\u201eInfowochen der Musikschule Hochsauerlandkreis\u201c <\/span>weiterlesen<\/a><\/p>\n","protected":false},"author":17,"featured_media":0,"comment_status":"open","ping_status":"open","sticky":false,"template":"","format":"standard","meta":{"footnotes":""},"categories":[303,80,27,1043],"tags":[3059,1349,655],"class_list":["post-48988","post","type-post","status-publish","format-standard","hentry","category-in-unserem-briefkasten","category-lokales","category-musik","category-pressemitteilungen","tag-mescheder-windband","tag-musikschule-hochsauerlandkreis","tag-pressemitteilung"],"_links":{"self":[{"href":"https:\/\/www.schiebener.net\/wordpress\/wp-json\/wp\/v2\/posts\/48988","targetHints":{"allow":["GET"]}}],"collection":[{"href":"https:\/\/www.schiebener.net\/wordpress\/wp-json\/wp\/v2\/posts"}],"about":[{"href":"https:\/\/www.schiebener.net\/wordpress\/wp-json\/wp\/v2\/types\/post"}],"author":[{"embeddable":true,"href":"https:\/\/www.schiebener.net\/wordpress\/wp-json\/wp\/v2\/users\/17"}],"replies":[{"embeddable":true,"href":"https:\/\/www.schiebener.net\/wordpress\/wp-json\/wp\/v2\/comments?post=48988"}],"version-history":[{"count":0,"href":"https:\/\/www.schiebener.net\/wordpress\/wp-json\/wp\/v2\/posts\/48988\/revisions"}],"wp:attachment":[{"href":"https:\/\/www.schiebener.net\/wordpress\/wp-json\/wp\/v2\/media?parent=48988"}],"wp:term":[{"taxonomy":"category","embeddable":true,"href":"https:\/\/www.schiebener.net\/wordpress\/wp-json\/wp\/v2\/categories?post=48988"},{"taxonomy":"post_tag","embeddable":true,"href":"https:\/\/www.schiebener.net\/wordpress\/wp-json\/wp\/v2\/tags?post=48988"}],"curies":[{"name":"wp","href":"https:\/\/api.w.org\/{rel}","templated":true}]}}