{"id":48955,"date":"2021-05-25T19:42:21","date_gmt":"2021-05-25T18:42:21","guid":{"rendered":"https:\/\/www.schiebener.net\/wordpress\/?p=48955"},"modified":"2021-05-26T07:34:55","modified_gmt":"2021-05-26T06:34:55","slug":"stimmungsbild-heute-kein-fruehling-keine-schuhe-und-ein-buechlein-ueber-die-restitution-afrikanischer-kulturgueter","status":"publish","type":"post","link":"https:\/\/www.schiebener.net\/wordpress\/stimmungsbild-heute-kein-fruehling-keine-schuhe-und-ein-buechlein-ueber-die-restitution-afrikanischer-kulturgueter\/","title":{"rendered":"Stimmungsbild heute: kein Fr\u00fchling, keine Schuhe und ein B\u00fcchlein \u00fcber die Restitution afrikanischer Kulturg\u00fcter."},"content":{"rendered":"<p><figure id=\"attachment_48956\" aria-describedby=\"caption-attachment-48956\" style=\"width: 700px\" class=\"wp-caption aligncenter\"><a href=\"https:\/\/www.schiebener.net\/wordpress\/wp-content\/uploads\/2021\/05\/20210518Garagenwand.jpg\" target=\"_blank\" rel=\"noopener\"><img loading=\"lazy\" decoding=\"async\" class=\"wp-image-48956\" src=\"https:\/\/www.schiebener.net\/wordpress\/wp-content\/uploads\/2021\/05\/20210518Garagenwand.jpg\" alt=\"\" width=\"700\" height=\"467\" srcset=\"https:\/\/www.schiebener.net\/wordpress\/wp-content\/uploads\/2021\/05\/20210518Garagenwand.jpg 2048w, https:\/\/www.schiebener.net\/wordpress\/wp-content\/uploads\/2021\/05\/20210518Garagenwand-300x200.jpg 300w, https:\/\/www.schiebener.net\/wordpress\/wp-content\/uploads\/2021\/05\/20210518Garagenwand-1024x683.jpg 1024w, https:\/\/www.schiebener.net\/wordpress\/wp-content\/uploads\/2021\/05\/20210518Garagenwand-768x512.jpg 768w, https:\/\/www.schiebener.net\/wordpress\/wp-content\/uploads\/2021\/05\/20210518Garagenwand-1536x1024.jpg 1536w\" sizes=\"auto, (max-width: 709px) 85vw, (max-width: 909px) 67vw, (max-width: 984px) 61vw, (max-width: 1362px) 45vw, 600px\" \/><\/a><figcaption id=\"caption-attachment-48956\" class=\"wp-caption-text\">Die Stimmung ist wie sie ist&#8230; (foto: zoom)<\/figcaption><\/figure><br \/>\n<strong>Wie geht es heute? Keine Ahnung &#8211; irgendwie geht es. Der Mai ist gekommen und der Fr\u00fchling h\u00e4lt sich bedeckt.<\/strong> <\/p>\n<p>Die Pandemie flaut ab, die Hoffnung ist da, aber noch traue ich dem Braten nicht und halte mich weiterhin von allen \u00d6ffnungsaktivit\u00e4ten fern.<\/p>\n<p>Ein gravierendes Problem: fast s\u00e4mtliche Schuhe sind ab- und teilweise durchgelaufen. Ich bin jetzt ein paar Mal mit den glatten Sohlen auf den schlammigen Fu\u00dfwegen \u00fcbel ausgerutscht. Merkzettel f\u00fcr die n\u00e4chste Pandemie: Genug Schuhe, weniger Klopapier kaufen. <\/p>\n<p>Lesen? Funktioniert. Ein kleines B\u00fcchlein von Felwine Sarr und B\u00e9n\u00e9dicte Savoy, <em>Zur\u00fcckgegeben<\/em>, beendet. Auf gut 200 Seiten erkl\u00e4ren die Autor*innen die M\u00f6glichkeiten der Restitution afrikanischer Kulturg\u00fcter. Diese Kurzfassung eines Gutachtens gibt es bis auf die Versandkosten umsonst bei der Bundeszentrale f\u00fcr politische Bildung. Sie ist verst\u00e4ndlich geschrieben und man kommt gut in die Diskussion hinein, die in Deutschland unter anderem &#8211; Stichwort <em>Deutscher Kolonialismus<\/em> &#8211; vom Hamburger Historiker J\u00fcrgen Zimmerer vorangetrieben wird. Dazu aber sp\u00e4ter vielleicht mehr &#8211; wenn ich in der Stimmung bin.<\/p>\n<p>Auf dem Nachttisch liegt <em>Heart of Darkness<\/em> von Joseph Conrad. Bin mir nicht sicher, ob die Lekt\u00fcre ein Stimmungsaufheller wird.<\/p>\n","protected":false},"excerpt":{"rendered":"<p>Wie geht es heute? Keine Ahnung &#8211; irgendwie geht es. Der Mai ist gekommen und der Fr\u00fchling h\u00e4lt sich bedeckt. Die Pandemie flaut ab, die Hoffnung ist da, aber noch &hellip; <a href=\"https:\/\/www.schiebener.net\/wordpress\/stimmungsbild-heute-kein-fruehling-keine-schuhe-und-ein-buechlein-ueber-die-restitution-afrikanischer-kulturgueter\/\" class=\"more-link\"><span class=\"screen-reader-text\">\u201eStimmungsbild heute: kein Fr\u00fchling, keine Schuhe und ein B\u00fcchlein \u00fcber die Restitution afrikanischer Kulturg\u00fcter.\u201c <\/span>weiterlesen<\/a><\/p>\n","protected":false},"author":3,"featured_media":0,"comment_status":"open","ping_status":"open","sticky":false,"template":"","format":"standard","meta":{"footnotes":""},"categories":[218,174],"tags":[],"class_list":["post-48955","post","type-post","status-publish","format-standard","hentry","category-bucher","category-dit-und-dat"],"_links":{"self":[{"href":"https:\/\/www.schiebener.net\/wordpress\/wp-json\/wp\/v2\/posts\/48955","targetHints":{"allow":["GET"]}}],"collection":[{"href":"https:\/\/www.schiebener.net\/wordpress\/wp-json\/wp\/v2\/posts"}],"about":[{"href":"https:\/\/www.schiebener.net\/wordpress\/wp-json\/wp\/v2\/types\/post"}],"author":[{"embeddable":true,"href":"https:\/\/www.schiebener.net\/wordpress\/wp-json\/wp\/v2\/users\/3"}],"replies":[{"embeddable":true,"href":"https:\/\/www.schiebener.net\/wordpress\/wp-json\/wp\/v2\/comments?post=48955"}],"version-history":[{"count":0,"href":"https:\/\/www.schiebener.net\/wordpress\/wp-json\/wp\/v2\/posts\/48955\/revisions"}],"wp:attachment":[{"href":"https:\/\/www.schiebener.net\/wordpress\/wp-json\/wp\/v2\/media?parent=48955"}],"wp:term":[{"taxonomy":"category","embeddable":true,"href":"https:\/\/www.schiebener.net\/wordpress\/wp-json\/wp\/v2\/categories?post=48955"},{"taxonomy":"post_tag","embeddable":true,"href":"https:\/\/www.schiebener.net\/wordpress\/wp-json\/wp\/v2\/tags?post=48955"}],"curies":[{"name":"wp","href":"https:\/\/api.w.org\/{rel}","templated":true}]}}